{"id":3484,"date":"2017-07-16T13:38:00","date_gmt":"2017-07-16T13:38:00","guid":{"rendered":"https:\/\/saloanoticias.mrmediaweb.com\/v1\/2017\/07\/16\/quadrilha-pe-de-serra-encerra-os-festejos-culturais-em-saloa\/"},"modified":"2017-07-16T13:38:00","modified_gmt":"2017-07-16T13:38:00","slug":"quadrilha-pe-de-serra-encerra-os-festejos-culturais-em-saloa","status":"publish","type":"post","link":"https:\/\/www.saloanoticias.com\/v1\/quadrilha-pe-de-serra-encerra-os-festejos-culturais-em-saloa\/","title":{"rendered":"QUADRILHA \u201cP\u00c9 DE SERRA\u201d DO PAU SANTO ENCERRA OS FESTEJOS JUNINOS EM SALO\u00c1"},"content":{"rendered":"<p align=\"justify\"><font size=\"3\" face=\"Arial\"><a href=\"http:\/\/www.saloanoticias.com\/images\/camara_4d5e3032a7e65f81b5b4ba811ffb56a4.jpg\"><img loading=\"lazy\" decoding=\"async\" title=\"camara\" style=\"border-top: 0px; border-right: 0px; background-image: none; border-bottom: 0px; float: none; padding-top: 0px; padding-left: 0px; margin: 0px auto 10px; border-left: 0px; display: block; padding-right: 0px\" border=\"0\" alt=\"camara\" src=\"http:\/\/www.saloanoticias.com\/v1\/wp-content\/uploads\/imagens\/camara_thumb_41c2adacb886e80225d4867af69e71f2.jpg\" width=\"1493\" height=\"978\"><\/a>Aconteceu na noite deste s\u00e1bado, dia 15 de julho de 2017, a apresenta\u00e7\u00e3o da quadrilha junina \u201cP\u00e9 de Serra\u201d da comunidade do s\u00edtio Pau Santo, que fica na zona rural de Salo\u00e1\/PE e que \u00e9 coordenada pela jovem Solange de Souza (Vaninha). Com isso, encerrou-se a programa\u00e7\u00e3o cultural no munic\u00edpio que contou com a apresenta\u00e7\u00e3o de v\u00e1rias quadrilhas no distrito e povoados, grupos de dan\u00e7as e shows art\u00edsticos. A \u201cP\u00e9 de Serra\u201d \u00e9 organizada pelos pr\u00f3prios moradores da comunidade e teve o apoio total do prefeito Ricardo Alves (PMDB), que n\u00e3o mede esfor\u00e7os para promover a cultural local.<\/font><\/p>\n<p align=\"justify\"><a href=\"http:\/\/www.saloanoticias.com\/images\/19990019_1407487732650123_3640520097016753791_n.jpg\"><img loading=\"lazy\" decoding=\"async\" title=\"19990019_1407487732650123_3640520097016753791_n\" style=\"border-top: 0px; border-right: 0px; background-image: none; border-bottom: 0px; float: none; padding-top: 0px; padding-left: 0px; margin-left: auto; border-left: 0px; display: block; padding-right: 0px; margin-right: auto\" border=\"0\" alt=\"19990019_1407487732650123_3640520097016753791_n\" src=\"http:\/\/www.saloanoticias.com\/v1\/wp-content\/uploads\/imagens\/19990019_1407487732650123_3640520097016753791_n_thumb.jpg\" width=\"1502\" height=\"983\"><\/a><\/p>\n<p align=\"justify\"><font size=\"3\" face=\"Arial\">Estiveram presentes no evento os vereadores Ronaldinho Birunda (PSB), Vilma da Prata (PTB), Gerv\u00e1sio Aristides da Silva de Barra Bonita\/SP, que foram convidados para serem padrinhos da \u201cP\u00e9 de Serra\u201d, al\u00e9m do secret\u00e1rio de transportes Marco Aur\u00e9lio (Maruim). Depois que a quadrilha terminou de se apresentar a multid\u00e3o aproveitou o restante da noite com o forr\u00f3 da \u201cBanda Olhos de Meninas\u201d da V\u00e1rzea da Serra. Destacamos a presen\u00e7a de um grande p\u00fablico, apesar do frio que na noite de ontem, que sempre prestigia a apresenta\u00e7\u00e3o da P\u00e9 de Serra\u201d que deu um show de anima\u00e7\u00e3o.<\/font><\/p>\n<p align=\"justify\"><a href=\"http:\/\/www.saloanoticias.com\/images\/20046760_1407487585983471_1053690714767536749_n.jpg\"><img loading=\"lazy\" decoding=\"async\" title=\"20046760_1407487585983471_1053690714767536749_n\" style=\"border-top: 0px; border-right: 0px; background-image: none; border-bottom: 0px; float: none; padding-top: 0px; padding-left: 0px; margin-left: auto; border-left: 0px; display: block; padding-right: 0px; margin-right: auto\" border=\"0\" alt=\"20046760_1407487585983471_1053690714767536749_n\" src=\"http:\/\/www.saloanoticias.com\/v1\/wp-content\/uploads\/imagens\/20046760_1407487585983471_1053690714767536749_n_thumb.jpg\" width=\"1500\" height=\"951\"><\/a><\/p>\n<p><a href=\"http:\/\/www.saloanoticias.com\/images\/19961478_1407487879316775_2604025485634212425_n.jpg\"><img loading=\"lazy\" decoding=\"async\" title=\"19961478_1407487879316775_2604025485634212425_n\" style=\"border-top: 0px; border-right: 0px; background-image: none; border-bottom: 0px; float: none; padding-top: 0px; padding-left: 0px; margin-left: auto; border-left: 0px; display: block; padding-right: 0px; margin-right: auto\" border=\"0\" alt=\"19961478_1407487879316775_2604025485634212425_n\" src=\"http:\/\/www.saloanoticias.com\/v1\/wp-content\/uploads\/imagens\/19961478_1407487879316775_2604025485634212425_n_thumb.jpg\" width=\"1497\" height=\"986\"><\/a><\/p>\n<div style=\"margin-top: 0px; margin-bottom: 0px;\" class=\"sharethis-inline-share-buttons\" ><\/div>","protected":false},"excerpt":{"rendered":"<p>Aconteceu na noite deste s\u00e1bado, dia 15 de julho de 2017, a apresenta\u00e7\u00e3o da quadrilha junina \u201cP\u00e9 de Serra\u201d da comunidade do s\u00edtio Pau Santo, que fica na zona rural de Salo\u00e1\/PE e que \u00e9 coordenada pela jovem Solange de Souza (Vaninha). Com isso, encerrou-se a programa\u00e7\u00e3o cultural no munic\u00edpio que contou com a apresenta\u00e7\u00e3o [&hellip;]<\/p>\n","protected":false},"author":1,"featured_media":0,"comment_status":"open","ping_status":"open","sticky":false,"template":"","format":"standard","meta":{"footnotes":""},"categories":[2],"tags":[],"class_list":["post-3484","post","type-post","status-publish","format-standard","hentry","category-noticias-do-dia"],"_links":{"self":[{"href":"https:\/\/www.saloanoticias.com\/v1\/wp-json\/wp\/v2\/posts\/3484","targetHints":{"allow":["GET"]}}],"collection":[{"href":"https:\/\/www.saloanoticias.com\/v1\/wp-json\/wp\/v2\/posts"}],"about":[{"href":"https:\/\/www.saloanoticias.com\/v1\/wp-json\/wp\/v2\/types\/post"}],"author":[{"embeddable":true,"href":"https:\/\/www.saloanoticias.com\/v1\/wp-json\/wp\/v2\/users\/1"}],"replies":[{"embeddable":true,"href":"https:\/\/www.saloanoticias.com\/v1\/wp-json\/wp\/v2\/comments?post=3484"}],"version-history":[{"count":0,"href":"https:\/\/www.saloanoticias.com\/v1\/wp-json\/wp\/v2\/posts\/3484\/revisions"}],"wp:attachment":[{"href":"https:\/\/www.saloanoticias.com\/v1\/wp-json\/wp\/v2\/media?parent=3484"}],"wp:term":[{"taxonomy":"category","embeddable":true,"href":"https:\/\/www.saloanoticias.com\/v1\/wp-json\/wp\/v2\/categories?post=3484"},{"taxonomy":"post_tag","embeddable":true,"href":"https:\/\/www.saloanoticias.com\/v1\/wp-json\/wp\/v2\/tags?post=3484"}],"curies":[{"name":"wp","href":"https:\/\/api.w.org\/{rel}","templated":true}]}}