{"id":3482,"date":"2017-07-14T12:21:00","date_gmt":"2017-07-14T12:21:00","guid":{"rendered":"https:\/\/saloanoticias.mrmediaweb.com\/v1\/2017\/07\/14\/vereadores-de-saloa-trabalham-unidos\/"},"modified":"2017-07-14T12:21:00","modified_gmt":"2017-07-14T12:21:00","slug":"vereadores-de-saloa-trabalham-unidos","status":"publish","type":"post","link":"https:\/\/www.saloanoticias.com\/v1\/vereadores-de-saloa-trabalham-unidos\/","title":{"rendered":"VEREADORES DE SALO\u00c1 SEMPRE UNIDOS EM BENEF\u00cdCIO DA POPULA\u00c7\u00c3O"},"content":{"rendered":"<p align=\"justify\"><font size=\"3\" face=\"Arial\"><a href=\"http:\/\/www.saloanoticias.com\/images\/20023947_10213844334042945_1840958264864433125_o.jpg\"><img loading=\"lazy\" decoding=\"async\" title=\"20023947_10213844334042945_1840958264864433125_o\" style=\"border-top: 0px; border-right: 0px; background-image: none; border-bottom: 0px; float: none; padding-top: 0px; padding-left: 0px; margin: 0px auto 10px; border-left: 0px; display: block; padding-right: 0px\" border=\"0\" alt=\"20023947_10213844334042945_1840958264864433125_o\" src=\"http:\/\/www.saloanoticias.com\/v1\/wp-content\/uploads\/imagens\/20023947_10213844334042945_1840958264864433125_o_thumb.jpg\" width=\"1499\" height=\"900\"><\/a>Atualmente a C\u00e2mara dos Vereadores de Salo\u00e1 \u00e9 composta por 11 vereadores, sendo 9 da situa\u00e7\u00e3o governista e 2 da oposi\u00e7\u00e3o, mas o clima de harmonia impera naquele Poder Legislativo. Todos os projetos de leis, requerimento, mo\u00e7\u00f5es e indica\u00e7\u00f5es s\u00e3o analisados de forma a beneficiar o munic\u00edpio como um todo, e por conta do bom di\u00e1logo a produ\u00e7\u00e3o parlamentar tem sido cada vez maior. Segundo o presidente da Casa, vereador Ronaldinho (PSB), que j\u00e1 possui uma certa experi\u00eancia no parlamento, os vereadores tem atuado de forma respeitosa uns com os outros e o clima de profissionalismo tem sido constante.<\/font><\/p>\n<p align=\"justify\"><font size=\"3\" face=\"Arial\">Tanto os vereadores da oposi\u00e7\u00e3o como os da situa\u00e7\u00e3o vem desempenhando um trabalho not\u00e1vel gerando frutos positivos para o munic\u00edpio, destacou o presidente. Outro ponto interessante no parlamento foi a boa adequa\u00e7\u00e3o dos vereadores de primeiro mandato, j\u00e1 que dos 11 edis, 7 est\u00e3o estreando na C\u00e2mara. Uma C\u00e2mara para ter produtividade tem que ter pessoas compromissadas com o povo, e, acima de tudo muita harmoniosidade e respeito entre os seus integrante, atingindo assim a sua maior finalidade que \u00e9 a de defender os interesses da sociedade, completou o presidente. Na foto, est\u00e3o ausentes os vereadores Ivan do Co\u00eama, Reinaldo Martins, Jamel\u00e3o e Vilma da Prata.<\/font><\/p>\n<div style=\"margin-top: 0px; margin-bottom: 0px;\" class=\"sharethis-inline-share-buttons\" ><\/div>","protected":false},"excerpt":{"rendered":"<p>Atualmente a C\u00e2mara dos Vereadores de Salo\u00e1 \u00e9 composta por 11 vereadores, sendo 9 da situa\u00e7\u00e3o governista e 2 da oposi\u00e7\u00e3o, mas o clima de harmonia impera naquele Poder Legislativo. Todos os projetos de leis, requerimento, mo\u00e7\u00f5es e indica\u00e7\u00f5es s\u00e3o analisados de forma a beneficiar o munic\u00edpio como um todo, e por conta do bom [&hellip;]<\/p>\n","protected":false},"author":1,"featured_media":0,"comment_status":"open","ping_status":"open","sticky":false,"template":"","format":"standard","meta":{"footnotes":""},"categories":[2],"tags":[],"class_list":["post-3482","post","type-post","status-publish","format-standard","hentry","category-noticias-do-dia"],"_links":{"self":[{"href":"https:\/\/www.saloanoticias.com\/v1\/wp-json\/wp\/v2\/posts\/3482","targetHints":{"allow":["GET"]}}],"collection":[{"href":"https:\/\/www.saloanoticias.com\/v1\/wp-json\/wp\/v2\/posts"}],"about":[{"href":"https:\/\/www.saloanoticias.com\/v1\/wp-json\/wp\/v2\/types\/post"}],"author":[{"embeddable":true,"href":"https:\/\/www.saloanoticias.com\/v1\/wp-json\/wp\/v2\/users\/1"}],"replies":[{"embeddable":true,"href":"https:\/\/www.saloanoticias.com\/v1\/wp-json\/wp\/v2\/comments?post=3482"}],"version-history":[{"count":0,"href":"https:\/\/www.saloanoticias.com\/v1\/wp-json\/wp\/v2\/posts\/3482\/revisions"}],"wp:attachment":[{"href":"https:\/\/www.saloanoticias.com\/v1\/wp-json\/wp\/v2\/media?parent=3482"}],"wp:term":[{"taxonomy":"category","embeddable":true,"href":"https:\/\/www.saloanoticias.com\/v1\/wp-json\/wp\/v2\/categories?post=3482"},{"taxonomy":"post_tag","embeddable":true,"href":"https:\/\/www.saloanoticias.com\/v1\/wp-json\/wp\/v2\/tags?post=3482"}],"curies":[{"name":"wp","href":"https:\/\/api.w.org\/{rel}","templated":true}]}}