{"id":3479,"date":"2017-07-12T17:52:00","date_gmt":"2017-07-12T17:52:00","guid":{"rendered":"https:\/\/saloanoticias.mrmediaweb.com\/v1\/2017\/07\/12\/moro-condena-lula-a-9-anos-e-6-meses-de-prisao\/"},"modified":"2017-07-12T17:52:00","modified_gmt":"2017-07-12T17:52:00","slug":"moro-condena-lula-a-9-anos-e-6-meses-de-prisao","status":"publish","type":"post","link":"https:\/\/www.saloanoticias.com\/v1\/moro-condena-lula-a-9-anos-e-6-meses-de-prisao\/","title":{"rendered":"MORO CONDENA LULA A 9 ANOS E 6 MESES DE PRIS\u00c3O POR CRIMES NA LAVA JATO"},"content":{"rendered":"<p align=\"justify\"><font size=\"3\" face=\"Arial\"><a href=\"http:\/\/www.saloanoticias.com\/images\/5mai2017---lula-durante-o-6-congresso-do-pt-em-sao-paulo-1494259212367_615x470.jpg\"><img loading=\"lazy\" decoding=\"async\" title=\"5mai2017---lula-durante-o-6-congresso-do-pt-em-sao-paulo-1494259212367_615x470\" style=\"border-top: 0px; border-right: 0px; background-image: none; border-bottom: 0px; float: left; padding-top: 0px; padding-left: 0px; margin: 5px 5px 0px 0px; border-left: 0px; display: inline; padding-right: 0px\" border=\"0\" alt=\"5mai2017---lula-durante-o-6-congresso-do-pt-em-sao-paulo-1494259212367_615x470\" src=\"http:\/\/www.saloanoticias.com\/v1\/wp-content\/uploads\/imagens\/5mai2017---lula-durante-o-6-congresso-do-pt-em-sao-paulo-1494259212367_615x470_thumb.jpg\" width=\"295\" align=\"left\" height=\"225\"><\/a>O juiz S\u00e9rgio Moro, respons\u00e1vel pelos processos da <\/font><a href=\"http:\/\/g1.globo.com\/politica\/operacao-lava-jato\/\"><font size=\"3\" face=\"Arial\">Opera\u00e7\u00e3o Lava Jato<\/font><\/a><font size=\"3\" face=\"Arial\"> na primeira inst\u00e2ncia, condenou o ex-presidente <\/font><a href=\"http:\/\/g1.globo.com\/politica\/politico\/lula.html\"><font size=\"3\" face=\"Arial\">Luiz In\u00e1cio Lula da Silva<\/font><\/a><font size=\"3\" face=\"Arial\"> (PT) no processo que envolve o caso da compra e reforma de um apartamento triplex em Guaruj\u00e1, no litoral de S\u00e3o Paulo. Ele foi condenado a nove anos e seis meses pelos crimes de corrup\u00e7\u00e3o passiva e lavagem de dinheiro. Al\u00e9m de Lula, outras seis pessoas foram condenadas no mesmo processo.<\/font> <\/p>\n<p align=\"justify\"><font size=\"3\" face=\"Arial\">\u00c9 a primeira vez, desde a Constitui\u00e7\u00e3o de 1988, que um ex-presidente \u00e9 condenado criminalmente. A senten\u00e7a foi publicada nesta quarta-feira (12). <\/font><a href=\"http:\/\/estaticog1.globo.com\/2017\/07\/12\/sentenca_lula.pdf\"><font color=\"#ff0000\" size=\"3\" face=\"Arial\">Veja a \u00edntegra da decis\u00e3o de Moro<\/font><\/a><font size=\"3\" face=\"Arial\"><font color=\"#ff0000\">.<\/font>&nbsp;<\/font><font size=\"3\" face=\"Arial\">\u201cA pr\u00e1tica do crime de corrup\u00e7\u00e3o envolveu a destina\u00e7\u00e3o de R$ 16 milh\u00f5es a agentes pol\u00edticos do Partido dos Trabalhadores, um valor muito expressivo\u201d, diz um trecho da senten\u00e7a. <\/font><font size=\"3\" face=\"Arial\">\u201cO condenado recebeu vantagem indevida em decorr\u00eancia do cargo de Presidente da Rep\u00fablica, ou seja, de mandat\u00e1rio maior. A responsabilidade de um Presidente da Rep\u00fablica \u00e9 enorme e, por conseguinte, tamb\u00e9m a sua culpabilidade quando pratica crimes\u201d, diz Moro no texto da decis\u00e3o. <strong><font size=\"2\">Fonte: Globo.com<\/font><\/strong><\/font><\/p>\n<div style=\"margin-top: 0px; margin-bottom: 0px;\" class=\"sharethis-inline-share-buttons\" ><\/div>","protected":false},"excerpt":{"rendered":"<p>O juiz S\u00e9rgio Moro, respons\u00e1vel pelos processos da Opera\u00e7\u00e3o Lava Jato na primeira inst\u00e2ncia, condenou o ex-presidente Luiz In\u00e1cio Lula da Silva (PT) no processo que envolve o caso da compra e reforma de um apartamento triplex em Guaruj\u00e1, no litoral de S\u00e3o Paulo. Ele foi condenado a nove anos e seis meses pelos crimes [&hellip;]<\/p>\n","protected":false},"author":1,"featured_media":0,"comment_status":"open","ping_status":"open","sticky":false,"template":"","format":"standard","meta":{"footnotes":""},"categories":[2],"tags":[],"class_list":["post-3479","post","type-post","status-publish","format-standard","hentry","category-noticias-do-dia"],"_links":{"self":[{"href":"https:\/\/www.saloanoticias.com\/v1\/wp-json\/wp\/v2\/posts\/3479","targetHints":{"allow":["GET"]}}],"collection":[{"href":"https:\/\/www.saloanoticias.com\/v1\/wp-json\/wp\/v2\/posts"}],"about":[{"href":"https:\/\/www.saloanoticias.com\/v1\/wp-json\/wp\/v2\/types\/post"}],"author":[{"embeddable":true,"href":"https:\/\/www.saloanoticias.com\/v1\/wp-json\/wp\/v2\/users\/1"}],"replies":[{"embeddable":true,"href":"https:\/\/www.saloanoticias.com\/v1\/wp-json\/wp\/v2\/comments?post=3479"}],"version-history":[{"count":0,"href":"https:\/\/www.saloanoticias.com\/v1\/wp-json\/wp\/v2\/posts\/3479\/revisions"}],"wp:attachment":[{"href":"https:\/\/www.saloanoticias.com\/v1\/wp-json\/wp\/v2\/media?parent=3479"}],"wp:term":[{"taxonomy":"category","embeddable":true,"href":"https:\/\/www.saloanoticias.com\/v1\/wp-json\/wp\/v2\/categories?post=3479"},{"taxonomy":"post_tag","embeddable":true,"href":"https:\/\/www.saloanoticias.com\/v1\/wp-json\/wp\/v2\/tags?post=3479"}],"curies":[{"name":"wp","href":"https:\/\/api.w.org\/{rel}","templated":true}]}}