{"id":3478,"date":"2017-07-13T00:00:00","date_gmt":"2017-07-13T00:00:00","guid":{"rendered":"https:\/\/saloanoticias.mrmediaweb.com\/v1\/2017\/07\/13\/confira-a-programacao-oficial-do-27-festival-de-inverno-de-garanhuns\/"},"modified":"2017-07-13T00:00:00","modified_gmt":"2017-07-13T00:00:00","slug":"confira-a-programacao-oficial-do-27-festival-de-inverno-de-garanhuns","status":"publish","type":"post","link":"https:\/\/www.saloanoticias.com\/v1\/confira-a-programacao-oficial-do-27-festival-de-inverno-de-garanhuns\/","title":{"rendered":"CONFIRA A PROGRAMA\u00c7\u00c3O OFICIAL DO 27\u00ba FESTIVAL DE INVERNO DE GARANHUNS"},"content":{"rendered":"<p align=\"justify\"><font size=\"3\" face=\"Arial\"><a href=\"http:\/\/www.saloanoticias.com\/images\/dei5ojrxyaa6i65_f5c9f7859253c74f80bc7890ba6cfdc4.jpg\"><img loading=\"lazy\" decoding=\"async\" title=\"DEI5oJRXYAA6I65\" style=\"border-left-width: 0px; border-right-width: 0px; background-image: none; border-bottom-width: 0px; float: none; padding-top: 0px; padding-left: 0px; margin: 0px auto 10px; display: block; padding-right: 0px; border-top-width: 0px\" border=\"0\" alt=\"DEI5oJRXYAA6I65\" src=\"http:\/\/www.saloanoticias.com\/v1\/wp-content\/uploads\/imagens\/dei5ojrxyaa6i65_thumb_bd05985d47af898a48241c4ae45b632c.jpg\" width=\"1489\" height=\"1000\"><\/a>Saiu a programa\u00e7\u00e3o oficila do 27\u00ba Festival de Inverno de Garanhuns\/PE. Apesar das cr\u00edticas feitas por alguns, consideramos que a programa\u00e7\u00e3o deste ano \u00e9 bem diversificada e interessante, n\u00e3o devendo nada a dos anos anteriores. Confira abaixo os nomes e os respectivos dias de apresenta\u00e7\u00f5es que acontecer\u00e3o nos v\u00e1rios polos. Falta sair ainda a programa\u00e7\u00e3o do Polo Gospel, que todos os anos re\u00fane grandes multid\u00f5es na quadra do col\u00e9gio XV de Novembro.<\/font>  <\/p>\n<p align=\"center\"><strong><font size=\"4\" face=\"Arial\"><u>PALCO DOMINGUINHOS<\/u><\/font><\/strong>  <\/p>\n<p align=\"center\"><strong><font size=\"4\" face=\"Arial\"><u>Dia 21<\/u><\/font><\/strong>  <\/p>\n<p align=\"center\"><font size=\"3\" face=\"Arial\">20h : Amanda Back<\/font>  <\/p>\n<p align=\"center\"><font size=\"3\" face=\"Arial\">21h: Mundo Livre (PE)<\/font>  <\/p>\n<p align=\"center\"><font size=\"3\" face=\"Arial\">22h30: Geraldo Azevedo<\/font>  <\/p>\n<p align=\"center\"><font size=\"3\" face=\"Arial\">0h: Tributo a Belchior: Ednardo (CE), Vanusa (SP), Lira (PE), Cida Moreira (SP), Tulipa Ruiz (SP), Isaar (PE),<\/font>  <\/p>\n<p align=\"center\"><font size=\"3\" face=\"Arial\">Fernando Catatau (CE), Juvenil Silva (PE), Renata Arruda (PB), Gabi da Pele Preta (PE)<\/font>  <\/p>\n<p align=\"center\"><strong><font size=\"4\" face=\"Arial\"><u>Dia 22<\/u><\/font><\/strong>  <\/p>\n<p align=\"center\"><font size=\"3\" face=\"Arial\">20h: Rog\u00e9rio e os Cabras<\/font>  <\/p>\n<p align=\"center\"><font size=\"3\" face=\"Arial\">21h: Maciel Salu<\/font>  <\/p>\n<p align=\"center\"><font size=\"3\" face=\"Arial\">22h: Cantos Rurais: Adiel Luna (PE) e Mestre Bule-Bule (BA)<\/font>  <\/p>\n<p align=\"center\"><font size=\"3\" face=\"Arial\">23h: Alice Caymmi (RJ)<\/font>  <\/p>\n<p align=\"center\"><font size=\"3\" face=\"Arial\">0h30: Baby do Brasil (RJ)<\/font>  <\/p>\n<p align=\"center\"><strong><font size=\"4\" face=\"Arial\"><u>Dia 23<\/u><\/font><\/strong>  <\/p>\n<p align=\"center\"><font size=\"3\" face=\"Arial\">20h: Cafuringa e Banda<\/font>  <\/p>\n<p align=\"center\"><font size=\"3\" face=\"Arial\">21h: Donas<\/font>  <\/p>\n<p align=\"center\"><font size=\"3\" face=\"Arial\">22h: Z\u00e9 Brown<\/font>  <\/p>\n<p align=\"center\"><font size=\"3\" face=\"Arial\">23h: If\u00e1 (BA)<\/font>  <\/p>\n<p align=\"center\"><font size=\"3\" face=\"Arial\">0h30: Tom Z\u00e9 (BA)<\/font>  <\/p>\n<p align=\"center\"><font face=\"Arial\"><font size=\"3\"><strong><u><font size=\"4\">Dia 24<\/font><\/u><\/strong><br \/>21h: Still Living<\/font><\/font><\/p>\n<p align=\"center\"><font size=\"3\" face=\"Arial\">22h: Herbert Lucena<\/font>  <\/p>\n<p align=\"center\"><font size=\"3\" face=\"Arial\">23h: Cantoria Agreste<\/font>  <\/p>\n<p align=\"center\"><font size=\"3\" face=\"Arial\">0h30: MPB4 (RJ) <\/font> <\/p>\n<p align=\"center\"><strong><font size=\"4\" face=\"Arial\"><u>Dia 25<\/u><\/font><\/strong>  <\/p>\n<p align=\"center\"><font size=\"3\" face=\"Arial\">21h: Lucas Santana (BA)<\/font>  <\/p>\n<p align=\"center\"><font size=\"3\" face=\"Arial\">22h: Banda Eddie, com participa\u00e7\u00e3o da Orquestra Henrique Dias<\/font>  <\/p>\n<p align=\"center\"><font size=\"3\" face=\"Arial\">0h30: Baiana System (BA)<\/font>  <\/p>\n<p align=\"center\"><strong><font size=\"4\" face=\"Arial\"><u>Dia 26<\/u><\/font><\/strong>  <\/p>\n<p align=\"center\"><font size=\"3\" face=\"Arial\">20h: Belinha Lisboa<\/font>  <\/p>\n<p align=\"center\"><font size=\"3\" face=\"Arial\">21h: Arthur Spindolla (PA)<\/font>  <\/p>\n<p align=\"center\"><font size=\"3\" face=\"Arial\">22h: Lia Sophia e Pinduca (PA)<\/font>  <\/p>\n<p align=\"center\"><font size=\"3\" face=\"Arial\">23h30: Faf\u00e1 de Bel\u00e9m (PA)<\/font>  <\/p>\n<p align=\"center\"><strong><font size=\"4\" face=\"Arial\"><u>Dia 27<\/u><\/font><\/strong>  <\/p>\n<p align=\"center\"><font size=\"3\" face=\"Arial\">20h: Mourinha do Forr\u00f3<\/font>  <\/p>\n<p align=\"center\"><font size=\"3\" face=\"Arial\">21h: Projeto Setenta com Sete (PE) \u2013 Waldonys (CE), Chambinho (SP), Menin\u00e3o (RJ), Adelson Viana (CE),<\/font>  <\/p>\n<p align=\"center\"><font size=\"3\" face=\"Arial\">Agostinho do Acordeon (PE), Mahatma (PE) e Terezinha do Acordeon (PE)<\/font>  <\/p>\n<p align=\"center\"><font size=\"3\" face=\"Arial\">22h20: Lucy Alves (PB)<\/font>  <\/p>\n<p align=\"center\"><font size=\"3\" face=\"Arial\">23h30: Chico C\u00e9sar (PB)<\/font>  <\/p>\n<p align=\"center\"><strong><font size=\"4\" face=\"Arial\"><u>Dia 28<\/u><\/font><\/strong>  <\/p>\n<p align=\"center\"><font size=\"3\" face=\"Arial\">20h: Kiara Ribeiro<\/font>  <\/p>\n<p align=\"center\"><font size=\"3\" face=\"Arial\">21h: Grupo Terra<\/font>  <\/p>\n<p align=\"center\"><font size=\"3\" face=\"Arial\">22h: Gerlane Lops<\/font>  <\/p>\n<p align=\"center\"><font size=\"3\" face=\"Arial\">23h: Marienne de Castro (BA)<\/font>  <\/p>\n<p align=\"center\"><font size=\"3\" face=\"Arial\">0h30: Mart\u2019n\u00e1lia (RJ) <\/font> <\/p>\n<p align=\"center\"><strong><font size=\"4\" face=\"Arial\"><u>Dia 29<\/u><\/font><\/strong>  <\/p>\n<p align=\"center\"><font size=\"3\" face=\"Arial\">20h:&nbsp; Andrea Amorim<\/font>  <\/p>\n<p align=\"center\"><font size=\"3\" face=\"Arial\">21h: Jr. Black<\/font>  <\/p>\n<p align=\"center\"><font size=\"3\" face=\"Arial\">22h: Spok Frevo Orquestra<\/font>  <\/p>\n<p align=\"center\"><font size=\"3\" face=\"Arial\">23h: Z\u00e9 Ricardo (RJ), com participa\u00e7\u00e3o especial de Toni Garrido<\/font>  <\/p>\n<p align=\"center\"><font size=\"3\" face=\"Arial\">0h30: Fernanda Abreu (RJ)<\/font><\/p>\n<div style=\"margin-top: 0px; margin-bottom: 0px;\" class=\"sharethis-inline-share-buttons\" ><\/div>","protected":false},"excerpt":{"rendered":"<p>Saiu a programa\u00e7\u00e3o oficila do 27\u00ba Festival de Inverno de Garanhuns\/PE. Apesar das cr\u00edticas feitas por alguns, consideramos que a programa\u00e7\u00e3o deste ano \u00e9 bem diversificada e interessante, n\u00e3o devendo nada a dos anos anteriores. Confira abaixo os nomes e os respectivos dias de apresenta\u00e7\u00f5es que acontecer\u00e3o nos v\u00e1rios polos. Falta sair ainda a programa\u00e7\u00e3o [&hellip;]<\/p>\n","protected":false},"author":1,"featured_media":0,"comment_status":"open","ping_status":"open","sticky":false,"template":"","format":"standard","meta":{"footnotes":""},"categories":[2],"tags":[],"class_list":["post-3478","post","type-post","status-publish","format-standard","hentry","category-noticias-do-dia"],"_links":{"self":[{"href":"https:\/\/www.saloanoticias.com\/v1\/wp-json\/wp\/v2\/posts\/3478","targetHints":{"allow":["GET"]}}],"collection":[{"href":"https:\/\/www.saloanoticias.com\/v1\/wp-json\/wp\/v2\/posts"}],"about":[{"href":"https:\/\/www.saloanoticias.com\/v1\/wp-json\/wp\/v2\/types\/post"}],"author":[{"embeddable":true,"href":"https:\/\/www.saloanoticias.com\/v1\/wp-json\/wp\/v2\/users\/1"}],"replies":[{"embeddable":true,"href":"https:\/\/www.saloanoticias.com\/v1\/wp-json\/wp\/v2\/comments?post=3478"}],"version-history":[{"count":0,"href":"https:\/\/www.saloanoticias.com\/v1\/wp-json\/wp\/v2\/posts\/3478\/revisions"}],"wp:attachment":[{"href":"https:\/\/www.saloanoticias.com\/v1\/wp-json\/wp\/v2\/media?parent=3478"}],"wp:term":[{"taxonomy":"category","embeddable":true,"href":"https:\/\/www.saloanoticias.com\/v1\/wp-json\/wp\/v2\/categories?post=3478"},{"taxonomy":"post_tag","embeddable":true,"href":"https:\/\/www.saloanoticias.com\/v1\/wp-json\/wp\/v2\/tags?post=3478"}],"curies":[{"name":"wp","href":"https:\/\/api.w.org\/{rel}","templated":true}]}}