{"id":3477,"date":"2017-07-12T13:00:00","date_gmt":"2017-07-12T13:00:00","guid":{"rendered":"https:\/\/saloanoticias.mrmediaweb.com\/v1\/2017\/07\/12\/ronaldinho-e-vilma-dao-as-boas-vindas-a-vereador-paulista\/"},"modified":"2017-07-12T13:00:00","modified_gmt":"2017-07-12T13:00:00","slug":"ronaldinho-e-vilma-dao-as-boas-vindas-a-vereador-paulista","status":"publish","type":"post","link":"https:\/\/www.saloanoticias.com\/v1\/ronaldinho-e-vilma-dao-as-boas-vindas-a-vereador-paulista\/","title":{"rendered":"RONALDINHO E VILMA D\u00c3O AS BOAS VINDAS A VEREADOR PAULISTA QUE VISITA SALO\u00c1"},"content":{"rendered":"<p align=\"justify\"><font size=\"3\" face=\"Arial\"><a href=\"http:\/\/www.saloanoticias.com\/images\/19800655_10213803971673911_661261011068159401_o.jpg\"><img loading=\"lazy\" decoding=\"async\" title=\"19800655_10213803971673911_661261011068159401_o\" style=\"border-top: 0px; border-right: 0px; background-image: none; border-bottom: 0px; float: none; padding-top: 0px; padding-left: 0px; margin: 0px auto 10px; border-left: 0px; display: block; padding-right: 0px\" border=\"0\" alt=\"19800655_10213803971673911_661261011068159401_o\" src=\"http:\/\/www.saloanoticias.com\/v1\/wp-content\/uploads\/imagens\/19800655_10213803971673911_661261011068159401_o_thumb.jpg\" width=\"1452\" height=\"907\"><\/a>Ao lado da vereadora Vilma da Prata (PTB), o vereador Ronaldinho Birunda (PSB) recebeu o conterr\u00e2neo vereador, Gerv\u00e1sio Aristides da Silva, saloaense e natural do s\u00edtio V\u00e1rzea da Serra, que \u00e9 parlamentar de 6\u00ba mandato do Munic\u00edpio de Barra Bonita no interior de S\u00e3o Paulo, durante evento cultural na V\u00e1rzea da Serra. Os parlamentares saloaenses deram as boas-vindas e convidaram o vereador Gerv\u00e1sio para estar no Plen\u00e1rio da C\u00e2mara nesta quinta-feira (13) quando haver\u00e1 a pr\u00f3xima sess\u00e3o legislativa na Casa Jos\u00e9 Soares de Melo.<\/font><\/p>\n<p align=\"justify\"><font size=\"3\" face=\"Arial\">O parlamentar disse que vem acompanhando o excelente trabalho do Poder Legislativo e do prefeito Ricardo Alves, e acredita que a cidade tem crescido muito em qualidade de vida, j\u00e1 que a gest\u00e3o tem levado muitos benef\u00edcios para as comunidades. Gerv\u00e1sio est\u00e1 de f\u00e9rias em sua cidade natal e deve voltar \u00e0 S\u00e3o Paulo ainda este m\u00eas.<\/font><\/p>\n<div style=\"margin-top: 0px; margin-bottom: 0px;\" class=\"sharethis-inline-share-buttons\" ><\/div>","protected":false},"excerpt":{"rendered":"<p>Ao lado da vereadora Vilma da Prata (PTB), o vereador Ronaldinho Birunda (PSB) recebeu o conterr\u00e2neo vereador, Gerv\u00e1sio Aristides da Silva, saloaense e natural do s\u00edtio V\u00e1rzea da Serra, que \u00e9 parlamentar de 6\u00ba mandato do Munic\u00edpio de Barra Bonita no interior de S\u00e3o Paulo, durante evento cultural na V\u00e1rzea da Serra. Os parlamentares saloaenses [&hellip;]<\/p>\n","protected":false},"author":1,"featured_media":0,"comment_status":"open","ping_status":"open","sticky":false,"template":"","format":"standard","meta":{"footnotes":""},"categories":[2],"tags":[],"class_list":["post-3477","post","type-post","status-publish","format-standard","hentry","category-noticias-do-dia"],"_links":{"self":[{"href":"https:\/\/www.saloanoticias.com\/v1\/wp-json\/wp\/v2\/posts\/3477","targetHints":{"allow":["GET"]}}],"collection":[{"href":"https:\/\/www.saloanoticias.com\/v1\/wp-json\/wp\/v2\/posts"}],"about":[{"href":"https:\/\/www.saloanoticias.com\/v1\/wp-json\/wp\/v2\/types\/post"}],"author":[{"embeddable":true,"href":"https:\/\/www.saloanoticias.com\/v1\/wp-json\/wp\/v2\/users\/1"}],"replies":[{"embeddable":true,"href":"https:\/\/www.saloanoticias.com\/v1\/wp-json\/wp\/v2\/comments?post=3477"}],"version-history":[{"count":0,"href":"https:\/\/www.saloanoticias.com\/v1\/wp-json\/wp\/v2\/posts\/3477\/revisions"}],"wp:attachment":[{"href":"https:\/\/www.saloanoticias.com\/v1\/wp-json\/wp\/v2\/media?parent=3477"}],"wp:term":[{"taxonomy":"category","embeddable":true,"href":"https:\/\/www.saloanoticias.com\/v1\/wp-json\/wp\/v2\/categories?post=3477"},{"taxonomy":"post_tag","embeddable":true,"href":"https:\/\/www.saloanoticias.com\/v1\/wp-json\/wp\/v2\/tags?post=3477"}],"curies":[{"name":"wp","href":"https:\/\/api.w.org\/{rel}","templated":true}]}}