{"id":3475,"date":"2017-07-11T19:15:00","date_gmt":"2017-07-11T19:15:00","guid":{"rendered":"https:\/\/saloanoticias.mrmediaweb.com\/v1\/2017\/07\/11\/diego-souza-fica-no-sport\/"},"modified":"2017-07-11T19:15:00","modified_gmt":"2017-07-11T19:15:00","slug":"diego-souza-fica-no-sport","status":"publish","type":"post","link":"https:\/\/www.saloanoticias.com\/v1\/diego-souza-fica-no-sport\/","title":{"rendered":"DIEGO SOUZA FICA NO SPORT CLUBE RECIFE"},"content":{"rendered":"<p align=\"justify\"><font size=\"3\" face=\"Arial\"><a href=\"http:\/\/www.saloanoticias.com\/images\/622_825a3191-54f6-3807-b2a1-717585e9982b.jpg\"><img loading=\"lazy\" decoding=\"async\" title=\"622_825a3191-54f6-3807-b2a1-717585e9982b\" style=\"border-top: 0px; border-right: 0px; background-image: none; border-bottom: 0px; float: left; padding-top: 0px; padding-left: 0px; margin: 5px 5px 0px 0px; border-left: 0px; display: inline; padding-right: 0px\" border=\"0\" alt=\"622_825a3191-54f6-3807-b2a1-717585e9982b\" src=\"http:\/\/www.saloanoticias.com\/v1\/wp-content\/uploads\/imagens\/622_825a3191-54f6-3807-b2a1-717585e9982b_thumb.jpg\" width=\"363\" align=\"left\" height=\"204\"><\/a>A novela entre Diego Souza, Palmeiras e Sport entra nos cap\u00edtulos finais. E com desfecho positivo para o clube pernambucano. O Le\u00e3o confirma oficialmente que o jogador chega \u00e0 capital pernambucana nesta ter\u00e7a-feira e se apresenta na quarta para treinar. Ele est\u00e1, neste momento, no Rio de Janeiro. A justificativa oficial \u00e9 que resolve problemas particulares na cidade natal. Mas, por conta dela, o atleta n\u00e3o cumpriu o s\u00e9timo jogo na S\u00e9rie A na \u00faltima segunda-feira &#8211; o que manteve vivas as chances do meia ir para o Verd\u00e3o.<\/font> <\/p>\n<p align=\"justify\"><font size=\"3\" face=\"Arial\">A reportagem apurou, por\u00e9m, que est\u00e1 tudo encaminhado para que ele permane\u00e7a no Recife e cumpra seu contrato &#8211; at\u00e9 o final de 2018. <\/font><font size=\"3\" face=\"Arial\">\u00c9 importante ressaltar que n\u00e3o haver\u00e1 uma renova\u00e7\u00e3o (com aumento de salarial). <\/font><a href=\"http:\/\/globoesporte.globo.com\/pe\/futebol\/noticia\/presidente-do-sport-espera-por-diego-souza-para-definir-extensao-de-contrato.ghtml\"><font size=\"3\" face=\"Arial\">O Sport chegou a propor isso ao atleta na sexta-feira passada, mas, depois disso, o meia faltou a v\u00e1rios treinos, n\u00e3o jogou nesta segunda-feira para n\u00e3o completar os sete jogos pelo Le\u00e3o<\/font><\/a><font size=\"3\" face=\"Arial\"> &#8211; e tamb\u00e9m n\u00e3o esteve no Centro de Treinamento do clube nesta ter\u00e7a, como era esperado.<\/font> <\/p>\n<p align=\"justify\"><font size=\"3\" face=\"Arial\">A reportagem apurou que o empres\u00e1rio do atleta, Eduardo Uram, ligou para o vice-presidente do Sport, Gustavo Dubeux, e confirmou que o meia se reapresenta ao Sport nesta quarta-feira e cumprir\u00e1 seu contrato com o clube. <\/font><font size=\"3\" face=\"Arial\">Nesta quarta-feira, portanto, a novela deve acabar. Espera-se, inclusive, que Diego Souza conceda uma entrevista coletiva ap\u00f3s o treino do Le\u00e3o. <\/font><font size=\"3\" face=\"Arial\">Na quinta, o Sport entra em campo contra a Chapecoense, pela 13\u00aa rodada da S\u00e9rie A.<\/font> <\/p>\n<p align=\"justify\"><font size=\"3\" face=\"Arial\">Se jogar, o meia sepulta de vez as chances de sair para outra equipe brasileira &#8211; j\u00e1 que completa sete jogos pela competi\u00e7\u00e3o. <\/font><font size=\"3\" face=\"Arial\">Pelo regulamento, portanto, ficaria impedido de atuar por qualquer outra equipe na S\u00e9rie A deste ano &#8211; inclusive o Palmeiras, que deseja sua contrata\u00e7\u00e3o. <strong><font size=\"2\">Fonte: Globo.com<\/font><\/strong><\/font><\/p>\n<div style=\"margin-top: 0px; margin-bottom: 0px;\" class=\"sharethis-inline-share-buttons\" ><\/div>","protected":false},"excerpt":{"rendered":"<p>A novela entre Diego Souza, Palmeiras e Sport entra nos cap\u00edtulos finais. E com desfecho positivo para o clube pernambucano. O Le\u00e3o confirma oficialmente que o jogador chega \u00e0 capital pernambucana nesta ter\u00e7a-feira e se apresenta na quarta para treinar. Ele est\u00e1, neste momento, no Rio de Janeiro. A justificativa oficial \u00e9 que resolve problemas [&hellip;]<\/p>\n","protected":false},"author":1,"featured_media":0,"comment_status":"open","ping_status":"open","sticky":false,"template":"","format":"standard","meta":{"footnotes":""},"categories":[2],"tags":[],"class_list":["post-3475","post","type-post","status-publish","format-standard","hentry","category-noticias-do-dia"],"_links":{"self":[{"href":"https:\/\/www.saloanoticias.com\/v1\/wp-json\/wp\/v2\/posts\/3475","targetHints":{"allow":["GET"]}}],"collection":[{"href":"https:\/\/www.saloanoticias.com\/v1\/wp-json\/wp\/v2\/posts"}],"about":[{"href":"https:\/\/www.saloanoticias.com\/v1\/wp-json\/wp\/v2\/types\/post"}],"author":[{"embeddable":true,"href":"https:\/\/www.saloanoticias.com\/v1\/wp-json\/wp\/v2\/users\/1"}],"replies":[{"embeddable":true,"href":"https:\/\/www.saloanoticias.com\/v1\/wp-json\/wp\/v2\/comments?post=3475"}],"version-history":[{"count":0,"href":"https:\/\/www.saloanoticias.com\/v1\/wp-json\/wp\/v2\/posts\/3475\/revisions"}],"wp:attachment":[{"href":"https:\/\/www.saloanoticias.com\/v1\/wp-json\/wp\/v2\/media?parent=3475"}],"wp:term":[{"taxonomy":"category","embeddable":true,"href":"https:\/\/www.saloanoticias.com\/v1\/wp-json\/wp\/v2\/categories?post=3475"},{"taxonomy":"post_tag","embeddable":true,"href":"https:\/\/www.saloanoticias.com\/v1\/wp-json\/wp\/v2\/tags?post=3475"}],"curies":[{"name":"wp","href":"https:\/\/api.w.org\/{rel}","templated":true}]}}