{"id":3474,"date":"2017-07-11T01:50:00","date_gmt":"2017-07-11T01:50:00","guid":{"rendered":"https:\/\/saloanoticias.mrmediaweb.com\/v1\/2017\/07\/11\/desabamento-de-predio-deixa-garanhuns-de-luto\/"},"modified":"2017-07-11T01:50:00","modified_gmt":"2017-07-11T01:50:00","slug":"desabamento-de-predio-deixa-garanhuns-de-luto","status":"publish","type":"post","link":"https:\/\/www.saloanoticias.com\/v1\/desabamento-de-predio-deixa-garanhuns-de-luto\/","title":{"rendered":"GARANHUNS DE LUTO: DESABAMENTO DE PR\u00c9DIO DEIXA PELO MENOS DOIS MORTOS"},"content":{"rendered":"<p align=\"justify\"><font size=\"3\" face=\"Arial\"><a href=\"http:\/\/www.saloanoticias.com\/images\/desabamento-3.jpg\"><img loading=\"lazy\" decoding=\"async\" title=\"desabamento 3\" style=\"border-top: 0px; border-right: 0px; background-image: none; border-bottom: 0px; float: none; padding-top: 0px; padding-left: 0px; margin: 0px auto 10px; border-left: 0px; display: block; padding-right: 0px\" border=\"0\" alt=\"desabamento 3\" src=\"http:\/\/www.saloanoticias.com\/v1\/wp-content\/uploads\/imagens\/desabamento-3_thumb.jpg\" width=\"1435\" height=\"808\"><\/a>Foi localizado por volta das 18h20min de hoje, dia 10, o corpo da segunda v\u00edtima do desabamento de um pr\u00e9dio na rua Desembargador Jo\u00e3o Paes, bairro Alo\u00edsio Pinto, aqui em Garanhuns. Trata-se de Edvaldo Soares da Silva, de 66 anos. Antes, por volta das 16h30min, os Bombeiros haviam localizado o corpo do funcion\u00e1rio p\u00fablico Ant\u00f4nio Arcoverde. <\/font><font size=\"3\" face=\"Arial\">A segunda V\u00edtima da trag\u00e9dia foi localizada em meio aos escombros de um dos apartamentos.<\/font><\/p>\n<p align=\"justify\"><font size=\"3\" face=\"Arial\">Com a remo\u00e7\u00e3o do Corpo de Edvaldo Soares, as equipes de resgate, que contaram com o apoio de Bombeiros e c\u00e3es farejadores vindos de Recife; da Defesa Civil Municipal; de t\u00e9cnicos e servidores da Prefeitura de Garanhuns e Militares do 71\u00ba BI Mtz, finalizaram as buscas. <\/font><font size=\"3\" face=\"Arial\">O desabamento da edifica\u00e7\u00e3o ocorreu por volta das 6h de hoje. No local, segundo relato de familiares e vizinhos, estavamAnt\u00f4nio Ferreira Arcoverde Botelho, de 32 anos; Genicelia Cardoso de Lima Arcoverde; 30 anos; a rec\u00e9m-nascida, Ana Raquel, de apenas 20 dias e o senhor Edvaldo Soares da Silva.<\/font><\/p>\n<p align=\"justify\"><font size=\"3\" face=\"Arial\">Logo ap\u00f3s o desmoronamento, foram resgatadas, com vida, Genicelia Cardoso de Lima Arcoverde, de 30 anos, e a rec\u00e9m-nascida, Ana Raquel, de apenas 20 dias. Elas s\u00e3o esposa e filha de Ant\u00f4nio Arcoverde e foram socorridas ao Hospital Regional Dom Moura, onde se encontram hospitalizadas. <\/font><font size=\"3\" face=\"Arial\">A expectativa agora \u00e9 que sejam apuradas as causas e responsabilidades dessa trag\u00e9dia que marcou o dia 10 de julho, aqui em Garanhuns. <strong><font size=\"2\">Fonte: Blog do Carlos Eug\u00eanio<\/font><\/strong><\/font><\/p>\n<div style=\"margin-top: 0px; margin-bottom: 0px;\" class=\"sharethis-inline-share-buttons\" ><\/div>","protected":false},"excerpt":{"rendered":"<p>Foi localizado por volta das 18h20min de hoje, dia 10, o corpo da segunda v\u00edtima do desabamento de um pr\u00e9dio na rua Desembargador Jo\u00e3o Paes, bairro Alo\u00edsio Pinto, aqui em Garanhuns. Trata-se de Edvaldo Soares da Silva, de 66 anos. Antes, por volta das 16h30min, os Bombeiros haviam localizado o corpo do funcion\u00e1rio p\u00fablico Ant\u00f4nio [&hellip;]<\/p>\n","protected":false},"author":1,"featured_media":0,"comment_status":"open","ping_status":"open","sticky":false,"template":"","format":"standard","meta":{"footnotes":""},"categories":[2],"tags":[],"class_list":["post-3474","post","type-post","status-publish","format-standard","hentry","category-noticias-do-dia"],"_links":{"self":[{"href":"https:\/\/www.saloanoticias.com\/v1\/wp-json\/wp\/v2\/posts\/3474","targetHints":{"allow":["GET"]}}],"collection":[{"href":"https:\/\/www.saloanoticias.com\/v1\/wp-json\/wp\/v2\/posts"}],"about":[{"href":"https:\/\/www.saloanoticias.com\/v1\/wp-json\/wp\/v2\/types\/post"}],"author":[{"embeddable":true,"href":"https:\/\/www.saloanoticias.com\/v1\/wp-json\/wp\/v2\/users\/1"}],"replies":[{"embeddable":true,"href":"https:\/\/www.saloanoticias.com\/v1\/wp-json\/wp\/v2\/comments?post=3474"}],"version-history":[{"count":0,"href":"https:\/\/www.saloanoticias.com\/v1\/wp-json\/wp\/v2\/posts\/3474\/revisions"}],"wp:attachment":[{"href":"https:\/\/www.saloanoticias.com\/v1\/wp-json\/wp\/v2\/media?parent=3474"}],"wp:term":[{"taxonomy":"category","embeddable":true,"href":"https:\/\/www.saloanoticias.com\/v1\/wp-json\/wp\/v2\/categories?post=3474"},{"taxonomy":"post_tag","embeddable":true,"href":"https:\/\/www.saloanoticias.com\/v1\/wp-json\/wp\/v2\/tags?post=3474"}],"curies":[{"name":"wp","href":"https:\/\/api.w.org\/{rel}","templated":true}]}}