{"id":3473,"date":"2017-07-09T14:27:00","date_gmt":"2017-07-09T14:27:00","guid":{"rendered":"https:\/\/saloanoticias.mrmediaweb.com\/v1\/2017\/07\/09\/socorro-do-leite-agradece-aos-internautas-pelo-apoio-recebido-nos-momentos-dificeis\/"},"modified":"2017-07-09T14:27:00","modified_gmt":"2017-07-09T14:27:00","slug":"socorro-do-leite-agradece-aos-internautas-pelo-apoio-recebido-nos-momentos-dificeis","status":"publish","type":"post","link":"https:\/\/www.saloanoticias.com\/v1\/socorro-do-leite-agradece-aos-internautas-pelo-apoio-recebido-nos-momentos-dificeis\/","title":{"rendered":"SOCORRO DO LEITE FAZ AGRADECIMENTOS AOS INTERNAUTAS PELO APOIO RECEBIDO NOS MOMENTOS MAIS DIF\u00cdCEIS"},"content":{"rendered":"<p align=\"justify\"><font size=\"3\" face=\"Arial\"><a href=\"http:\/\/www.saloanoticias.com\/images\/19748701_863551503785476_5822093193160212865_n_01f938d7c6b46f34a8f69afb7ef9c901.jpg\"><img loading=\"lazy\" decoding=\"async\" title=\"19748701_863551503785476_5822093193160212865_n\" style=\"border-top: 0px; border-right: 0px; background-image: none; border-bottom: 0px; float: left; padding-top: 0px; padding-left: 0px; margin: 5px 5px 0px 0px; border-left: 0px; display: inline; padding-right: 0px\" border=\"0\" alt=\"19748701_863551503785476_5822093193160212865_n\" src=\"http:\/\/www.saloanoticias.com\/v1\/wp-content\/uploads\/imagens\/19748701_863551503785476_5822093193160212865_n_thumb_a1f97ed25d13fb411bb361dd5f2d2385.jpg\" width=\"262\" align=\"left\" height=\"242\"><\/a>A vice-prefeita do Munic\u00edpio de Salo\u00e1 usou suas redes sociais para agradecer aos internautas pelo apoio recebido durante os \u00faltimos meses. Com uma fisionomia restaurada, ela faz uma compara\u00e7\u00e3o de um ano depois de tanto sofrimento. Confira as palavras da vice-prefeita: <em>\u201cQuando falo repetidamente pela gratid\u00e3o que tenho pelo povo de Salo\u00e1, pelos amigos e por Deus, tenho certeza que muitos imaginam que isso \u00e9 papo de pol\u00edtico. Primeiro, sou muito sincera com sentimentos e segundo, tenho provas concretas. <\/em><\/font><font size=\"3\" face=\"Arial\"><em>Essa transforma\u00e7\u00e3o em apenas um ano, mesmo o meu interior ainda n\u00e3o correspondendo da mesma forma que mostra o exterior, mas j\u00e1 posso dizer a voc\u00eas.<\/em><\/font><\/p>\n<p align=\"justify\"><a href=\"http:\/\/www.saloanoticias.com\/images\/19598711_1337873706262428_6219989533681399862_n_9d9ec7437ee9f257332b07d93d0a4a0e.jpg\"><img loading=\"lazy\" decoding=\"async\" title=\"19598711_1337873706262428_6219989533681399862_n\" style=\"border-top: 0px; border-right: 0px; background-image: none; border-bottom: 0px; float: right; padding-top: 0px; padding-left: 0px; margin: 5px 0px 0px 5px; border-left: 0px; display: inline; padding-right: 0px\" border=\"0\" alt=\"19598711_1337873706262428_6219989533681399862_n\" src=\"http:\/\/www.saloanoticias.com\/v1\/wp-content\/uploads\/imagens\/19598711_1337873706262428_6219989533681399862_n_thumb_674996de92d315e2d9fd1f2cae1b5b58.jpg\" width=\"141\" align=\"right\" height=\"172\"><\/a><\/p>\n<p align=\"justify\"><font size=\"3\" face=\"Arial\"><em>Eu estou bem. Ent\u00e3o ao meio de tantos apoios, tantas mensagens de fortalecimento a minha f\u00e9, tantos v\u00eddeos de li\u00e7\u00f5es de vida, aqueles que se doaram em busca da minha recupera\u00e7\u00e3o em forma de anjos enviados por Deus, tantos me fazendo enxergar a todo custo que o meu caso n\u00e3o seria o primeiro e muito menos o \u00faltimo, que apenas algumas n\u00e3o tiveram a mesma oportunidade de vim a p\u00fablico. Agradecer tantos coment\u00e1rios, tantas curtidas em tudo que tenho postado, s\u00f3 me resta resumir dizendo, mais uma vez a minha gratid\u00e3o por tudo e por todos, independente da classe a que pertence.\u201d <\/em><strong><font size=\"2\">Fonte: Facebook de Socorro do Leite<\/font><\/strong><\/font><\/p>\n<div style=\"margin-top: 0px; margin-bottom: 0px;\" class=\"sharethis-inline-share-buttons\" ><\/div>","protected":false},"excerpt":{"rendered":"<p>A vice-prefeita do Munic\u00edpio de Salo\u00e1 usou suas redes sociais para agradecer aos internautas pelo apoio recebido durante os \u00faltimos meses. Com uma fisionomia restaurada, ela faz uma compara\u00e7\u00e3o de um ano depois de tanto sofrimento. Confira as palavras da vice-prefeita: \u201cQuando falo repetidamente pela gratid\u00e3o que tenho pelo povo de Salo\u00e1, pelos amigos e [&hellip;]<\/p>\n","protected":false},"author":1,"featured_media":0,"comment_status":"open","ping_status":"open","sticky":false,"template":"","format":"standard","meta":{"footnotes":""},"categories":[2],"tags":[],"class_list":["post-3473","post","type-post","status-publish","format-standard","hentry","category-noticias-do-dia"],"_links":{"self":[{"href":"https:\/\/www.saloanoticias.com\/v1\/wp-json\/wp\/v2\/posts\/3473","targetHints":{"allow":["GET"]}}],"collection":[{"href":"https:\/\/www.saloanoticias.com\/v1\/wp-json\/wp\/v2\/posts"}],"about":[{"href":"https:\/\/www.saloanoticias.com\/v1\/wp-json\/wp\/v2\/types\/post"}],"author":[{"embeddable":true,"href":"https:\/\/www.saloanoticias.com\/v1\/wp-json\/wp\/v2\/users\/1"}],"replies":[{"embeddable":true,"href":"https:\/\/www.saloanoticias.com\/v1\/wp-json\/wp\/v2\/comments?post=3473"}],"version-history":[{"count":0,"href":"https:\/\/www.saloanoticias.com\/v1\/wp-json\/wp\/v2\/posts\/3473\/revisions"}],"wp:attachment":[{"href":"https:\/\/www.saloanoticias.com\/v1\/wp-json\/wp\/v2\/media?parent=3473"}],"wp:term":[{"taxonomy":"category","embeddable":true,"href":"https:\/\/www.saloanoticias.com\/v1\/wp-json\/wp\/v2\/categories?post=3473"},{"taxonomy":"post_tag","embeddable":true,"href":"https:\/\/www.saloanoticias.com\/v1\/wp-json\/wp\/v2\/tags?post=3473"}],"curies":[{"name":"wp","href":"https:\/\/api.w.org\/{rel}","templated":true}]}}