{"id":3472,"date":"2017-07-10T11:00:00","date_gmt":"2017-07-10T11:00:00","guid":{"rendered":"https:\/\/saloanoticias.mrmediaweb.com\/v1\/2017\/07\/10\/rose-santos-e-tania-particapam-de-evento-em-carpina\/"},"modified":"2017-07-10T11:00:00","modified_gmt":"2017-07-10T11:00:00","slug":"rose-santos-e-tania-particapam-de-evento-em-carpina","status":"publish","type":"post","link":"https:\/\/www.saloanoticias.com\/v1\/rose-santos-e-tania-particapam-de-evento-em-carpina\/","title":{"rendered":"ROSE SANTOS E T\u00c2NIA DO STR PARTICIPAM DE EVENTO SOBRE PARIDADE DE G\u00caNERO"},"content":{"rendered":"<p align=\"justify\"><font size=\"3\" face=\"Arial\"><a href=\"http:\/\/www.saloanoticias.com\/images\/19756421_1337873822929083_4887225366638715502_n.jpg\"><img loading=\"lazy\" decoding=\"async\" title=\"19756421_1337873822929083_4887225366638715502_n\" style=\"border-left-width: 0px; border-right-width: 0px; background-image: none; border-bottom-width: 0px; float: none; padding-top: 0px; padding-left: 0px; margin: 0px auto 10px; display: block; padding-right: 0px; border-top-width: 0px\" border=\"0\" alt=\"19756421_1337873822929083_4887225366638715502_n\" src=\"http:\/\/www.saloanoticias.com\/v1\/wp-content\/uploads\/imagens\/19756421_1337873822929083_4887225366638715502_n_thumb.jpg\" width=\"1523\" height=\"965\"><\/a>H\u00e1 mais de trinta anos as mulheres rurais iniciaram sua luta em busca de igualdade de direitos, luta essa marcada pela for\u00e7a e resist\u00eancia das mulheres para serem reconhecidas como trabalhadoras rurais e poderem ocupar os espa\u00e7os de decis\u00f5es pol\u00edticas no movimento sindical e na sociedade como um toldo. Na \u00faltima ter\u00e7a feira, 04 de Julho de 2017, as mulheres viveram mais um marco na sua hist\u00f3ria conquistando a Paridade de G\u00eanero para o movimento sindical de Pernambuco, esse \u00e9 um momento hist\u00f3rico para nossa luta onde os companheiros tamb\u00e9m reconhecem nosso papel e a import\u00e2ncia das mulheres nos espa\u00e7os de decis\u00f5es pol\u00edticas.<\/font><\/p>\n<p align=\"justify\"><a href=\"http:\/\/www.saloanoticias.com\/images\/19598711_1337873706262428_6219989533681399862_n.jpg\"><img loading=\"lazy\" decoding=\"async\" title=\"19598711_1337873706262428_6219989533681399862_n\" style=\"border-left-width: 0px; border-right-width: 0px; background-image: none; border-bottom-width: 0px; float: none; padding-top: 0px; padding-left: 0px; margin-left: auto; display: block; padding-right: 0px; border-top-width: 0px; margin-right: auto\" border=\"0\" alt=\"19598711_1337873706262428_6219989533681399862_n\" src=\"http:\/\/www.saloanoticias.com\/v1\/wp-content\/uploads\/imagens\/19598711_1337873706262428_6219989533681399862_n_thumb.jpg\" width=\"1526\" height=\"878\"><\/a><\/p>\n<p align=\"justify\"><font size=\"3\" face=\"Arial\">O STR de Salo\u00e1 esteve neste evento que foi realizado na cidade de Carpina\/PE e puderam dar sua contribui\u00e7\u00e3o para esse momento acontecesse de maneira t\u00e3o madura e consciente, em especial na Comiss\u00e3o de Mulheres, que s\u00e3o imprescind\u00edveis para que esta luta em defesa de todas as mulheres possa continuar. <\/font><font size=\"3\" face=\"Arial\">Este Conselho Deliberativo da Fetape acontece a cada 3 m\u00eas e tem a participa\u00e7\u00e3o de todos os Sindicatos de Trabalhadores Rurais de Pernambuco. Nesta ocasi\u00e3o houve a delibera\u00e7\u00e3o e foi aprovada \u00e0 Paridade. Rose e T\u00e2nia, ambas do STR de Salo\u00e1 <\/font><font size=\"3\" face=\"Arial\">estavam representando o Agreste Meridional com 34 Sindicato no Coletivo de Mulheres, se<\/font><font size=\"3\" face=\"Arial\">mpre fortalecendo do movimento sindical.<\/font><\/p>\n<div style=\"margin-top: 0px; margin-bottom: 0px;\" class=\"sharethis-inline-share-buttons\" ><\/div>","protected":false},"excerpt":{"rendered":"<p>H\u00e1 mais de trinta anos as mulheres rurais iniciaram sua luta em busca de igualdade de direitos, luta essa marcada pela for\u00e7a e resist\u00eancia das mulheres para serem reconhecidas como trabalhadoras rurais e poderem ocupar os espa\u00e7os de decis\u00f5es pol\u00edticas no movimento sindical e na sociedade como um toldo. Na \u00faltima ter\u00e7a feira, 04 de [&hellip;]<\/p>\n","protected":false},"author":1,"featured_media":0,"comment_status":"open","ping_status":"open","sticky":false,"template":"","format":"standard","meta":{"footnotes":""},"categories":[2],"tags":[],"class_list":["post-3472","post","type-post","status-publish","format-standard","hentry","category-noticias-do-dia"],"_links":{"self":[{"href":"https:\/\/www.saloanoticias.com\/v1\/wp-json\/wp\/v2\/posts\/3472","targetHints":{"allow":["GET"]}}],"collection":[{"href":"https:\/\/www.saloanoticias.com\/v1\/wp-json\/wp\/v2\/posts"}],"about":[{"href":"https:\/\/www.saloanoticias.com\/v1\/wp-json\/wp\/v2\/types\/post"}],"author":[{"embeddable":true,"href":"https:\/\/www.saloanoticias.com\/v1\/wp-json\/wp\/v2\/users\/1"}],"replies":[{"embeddable":true,"href":"https:\/\/www.saloanoticias.com\/v1\/wp-json\/wp\/v2\/comments?post=3472"}],"version-history":[{"count":0,"href":"https:\/\/www.saloanoticias.com\/v1\/wp-json\/wp\/v2\/posts\/3472\/revisions"}],"wp:attachment":[{"href":"https:\/\/www.saloanoticias.com\/v1\/wp-json\/wp\/v2\/media?parent=3472"}],"wp:term":[{"taxonomy":"category","embeddable":true,"href":"https:\/\/www.saloanoticias.com\/v1\/wp-json\/wp\/v2\/categories?post=3472"},{"taxonomy":"post_tag","embeddable":true,"href":"https:\/\/www.saloanoticias.com\/v1\/wp-json\/wp\/v2\/tags?post=3472"}],"curies":[{"name":"wp","href":"https:\/\/api.w.org\/{rel}","templated":true}]}}