{"id":3471,"date":"2017-07-09T12:58:00","date_gmt":"2017-07-09T12:58:00","guid":{"rendered":"https:\/\/saloanoticias.mrmediaweb.com\/v1\/2017\/07\/09\/usuarios-terao-ate-o-dia-28-de-julho-para-pagamento-de-ipva-atraso-sem-multa-de-100\/"},"modified":"2017-07-09T12:58:00","modified_gmt":"2017-07-09T12:58:00","slug":"usuarios-terao-ate-o-dia-28-de-julho-para-pagamento-de-ipva-atraso-sem-multa-de-100","status":"publish","type":"post","link":"https:\/\/www.saloanoticias.com\/v1\/usuarios-terao-ate-o-dia-28-de-julho-para-pagamento-de-ipva-atraso-sem-multa-de-100\/","title":{"rendered":"USU\u00c1RIOS TER\u00c3O AT\u00c9 O \u201cDIA 28 DE JULHO\u201d PARA PAGAMENTO DE IPVA EM ATRASO SEM MULTA DE 100%"},"content":{"rendered":"<p align=\"justify\"><font size=\"3\" face=\"Arial\"><a href=\"http:\/\/www.saloanoticias.com\/images\/paulo-camara_223339f2fb3bdf6047ab368aca12ecb1.jpg\"><img loading=\"lazy\" decoding=\"async\" title=\"paulo camara\" style=\"border-top: 0px; border-right: 0px; background-image: none; border-bottom: 0px; float: left; padding-top: 0px; padding-left: 0px; margin: 5px 5px 0px 0px; border-left: 0px; display: inline; padding-right: 0px\" border=\"0\" alt=\"paulo camara\" src=\"http:\/\/www.saloanoticias.com\/v1\/wp-content\/uploads\/imagens\/paulo-camara_thumb_c6f8e13989f018d87b1b76bf8670e67e.jpg\" width=\"310\" align=\"left\" height=\"209\"><\/a>Desde sexta-feira (7), a Secretaria da Fazenda do Governo de Pernambuco come\u00e7ou a enviar correspond\u00eancia para os cerca de 56 mil contribuintes que possuem d\u00e9bitos referentes ao IPVA, concedendo-lhes a oportunidade de liquid\u00e1-los sem necessidade de notifica\u00e7\u00e3o. <\/font><font size=\"3\" face=\"Arial\">Segundo a assessoria do secret\u00e1rio<strong> <\/strong>Marcelo Barros, os devedores ter\u00e3o at\u00e9 o pr\u00f3ximo dia 28 para quitar o d\u00e9bito sem acr\u00e9scimo de juros e multas, mas ter\u00e3o que arcar com os encargos decorrentes do atraso no recolhimento.<\/font> <\/p>\n<p align=\"justify\"><font size=\"3\" face=\"Arial\">Esses contribuintes est\u00e3o inclu\u00eddos no segundo lote de cobran\u00e7a do IPVA realizada pela Secretaria no curso deste ano. Os que n\u00e3o realizarem o pagamento at\u00e9 28 de julho ser\u00e3o notificados e ter\u00e3o que pagar multa de 100% sobre o valor do d\u00e9bito. <\/font><font size=\"3\" face=\"Arial\">No caso do pagamento parcelado em at\u00e9 10 vezes, desde que os valores das parcelas n\u00e3o sejam inferiores a cem reais, a multa ser\u00e1 reduzida em 30% e os contribuintes que n\u00e3o efetuarem o recolhimento at\u00e9 as datas previstas nas notifica\u00e7\u00f5es ser\u00e3o inscritos na D\u00edvida Ativa do Estado. <strong><font size=\"2\">Fonte: Blog do Jamildo<\/font><\/strong><\/font><\/p>\n<div style=\"margin-top: 0px; margin-bottom: 0px;\" class=\"sharethis-inline-share-buttons\" ><\/div>","protected":false},"excerpt":{"rendered":"<p>Desde sexta-feira (7), a Secretaria da Fazenda do Governo de Pernambuco come\u00e7ou a enviar correspond\u00eancia para os cerca de 56 mil contribuintes que possuem d\u00e9bitos referentes ao IPVA, concedendo-lhes a oportunidade de liquid\u00e1-los sem necessidade de notifica\u00e7\u00e3o. Segundo a assessoria do secret\u00e1rio Marcelo Barros, os devedores ter\u00e3o at\u00e9 o pr\u00f3ximo dia 28 para quitar o [&hellip;]<\/p>\n","protected":false},"author":1,"featured_media":0,"comment_status":"open","ping_status":"open","sticky":false,"template":"","format":"standard","meta":{"footnotes":""},"categories":[2],"tags":[],"class_list":["post-3471","post","type-post","status-publish","format-standard","hentry","category-noticias-do-dia"],"_links":{"self":[{"href":"https:\/\/www.saloanoticias.com\/v1\/wp-json\/wp\/v2\/posts\/3471","targetHints":{"allow":["GET"]}}],"collection":[{"href":"https:\/\/www.saloanoticias.com\/v1\/wp-json\/wp\/v2\/posts"}],"about":[{"href":"https:\/\/www.saloanoticias.com\/v1\/wp-json\/wp\/v2\/types\/post"}],"author":[{"embeddable":true,"href":"https:\/\/www.saloanoticias.com\/v1\/wp-json\/wp\/v2\/users\/1"}],"replies":[{"embeddable":true,"href":"https:\/\/www.saloanoticias.com\/v1\/wp-json\/wp\/v2\/comments?post=3471"}],"version-history":[{"count":0,"href":"https:\/\/www.saloanoticias.com\/v1\/wp-json\/wp\/v2\/posts\/3471\/revisions"}],"wp:attachment":[{"href":"https:\/\/www.saloanoticias.com\/v1\/wp-json\/wp\/v2\/media?parent=3471"}],"wp:term":[{"taxonomy":"category","embeddable":true,"href":"https:\/\/www.saloanoticias.com\/v1\/wp-json\/wp\/v2\/categories?post=3471"},{"taxonomy":"post_tag","embeddable":true,"href":"https:\/\/www.saloanoticias.com\/v1\/wp-json\/wp\/v2\/tags?post=3471"}],"curies":[{"name":"wp","href":"https:\/\/api.w.org\/{rel}","templated":true}]}}