{"id":3470,"date":"2017-07-07T23:14:00","date_gmt":"2017-07-07T23:14:00","guid":{"rendered":"https:\/\/saloanoticias.mrmediaweb.com\/v1\/2017\/07\/07\/sdsdsds\/"},"modified":"2017-07-07T23:14:00","modified_gmt":"2017-07-07T23:14:00","slug":"sdsdsds","status":"publish","type":"post","link":"https:\/\/www.saloanoticias.com\/v1\/sdsdsds\/","title":{"rendered":"SEC. DE EDUCA\u00c7\u00c3O ESCLARECE SUSPENS\u00c3O DAS AULAS NO MUNIC\u00cdPIO POR CONTA DAS FORTES CHUVAS"},"content":{"rendered":"<p align=\"justify\"><font size=\"3\" face=\"Arial\"><a href=\"http:\/\/www.saloanoticias.com\/images\/dsc_4744_cbbba321a0396f21abf44f0e6c719aac.jpg\"><img loading=\"lazy\" decoding=\"async\" title=\"DSC_4744\" style=\"border-top: 0px; border-right: 0px; background-image: none; border-bottom: 0px; float: left; padding-top: 0px; padding-left: 0px; margin: 5px 5px 0px 0px; border-left: 0px; display: inline; padding-right: 0px\" border=\"0\" alt=\"DSC_4744\" src=\"http:\/\/www.saloanoticias.com\/v1\/wp-content\/uploads\/imagens\/dsc_4744_thumb_f5324d34e0095a649e37c8435e042f95.jpg\" width=\"267\" align=\"left\" height=\"273\"><\/a>Comunico que devido ao per\u00edodo de chuvas de forma intensiva que atinge o munic\u00edpio de Salo\u00e1, tornou-se invi\u00e1vel a circula\u00e7\u00e3o de ve\u00edculos escolares, pois as vias de acesso \u00e0 sede do munic\u00edpio, que possibilitam o tr\u00e2nsito destes ve\u00edculos levando os discentes \u00e0s suas respectivas escolas, encontram-se deterioradas, com registros de atolamentos de ve\u00edculos, causando atrasos. Considerando que h\u00e1 algumas localidades que se tornaram perigosas devido \u00e0 forma\u00e7\u00e3o de lama e deslizamento de encostas, e observando, ainda, o aviso hidrometeorol\u00f3gico 34\/2017 da Ag\u00eancia Pernambucana de \u00c1guas e Clima \u2013 APAC, sobre a previs\u00e3o de chuva forte para o dia 07 de Julho, por prezar pela seguran\u00e7a dos estudantes e motoristas \u00e9 que se decidiu pela suspens\u00e3o das atividades letivas do dia 10 ao dia 14 de Julho.<\/font> <\/p>\n<p align=\"justify\"><font size=\"3\" face=\"Arial\">Entre os dias 17 e 25 de Julho permanece, conforme calend\u00e1rio letivo, com recesso escolar. Retornando, assim, \u00e0s atividades normais no dia 26 de Julho marcando o in\u00edcio do terceiro bimestre do decorrente ano. Por\u00e9m, tendo em vista que o calend\u00e1rio do ano letivo encontra-se j\u00e1 em prazo m\u00e1ximo para cumprimento de no m\u00ednimo 200 (duzentos) dias letivos e considerando o que se encontra posto \u00e0 Lei n\u00ba 9394\/96 Art. 12, inciso III \u2013 assegurar o cumprimento dos dias letivos e horas-aulas estabelecidas; Art. 13, inciso III \u2013 os docentes incumbir-se-\u00e3o em zelar pela aprendizagem dos alunos; e Inciso V \u2013 ministrar os dias letivos e horas-aula estabelecidos, al\u00e9m de participar integralmente dos per\u00edodos dedicados ao planejamento, \u00e0 avalia\u00e7\u00e3o e ao desenvolvimento profissional; o per\u00edodo de suspens\u00e3o dever\u00e1 ser reposto em datas estabelecidas em conson\u00e2ncia do que for decidido no colegiado de gestores, momento no qual ser\u00e1 elaborado calend\u00e1rio para reposi\u00e7\u00e3o das aulas.<\/font> <\/p>\n<p align=\"justify\"><font size=\"3\" face=\"Arial\"><\/font><\/p>\n<div style=\"margin-top: 0px; margin-bottom: 0px;\" class=\"sharethis-inline-share-buttons\" ><\/div>","protected":false},"excerpt":{"rendered":"<p>Comunico que devido ao per\u00edodo de chuvas de forma intensiva que atinge o munic\u00edpio de Salo\u00e1, tornou-se invi\u00e1vel a circula\u00e7\u00e3o de ve\u00edculos escolares, pois as vias de acesso \u00e0 sede do munic\u00edpio, que possibilitam o tr\u00e2nsito destes ve\u00edculos levando os discentes \u00e0s suas respectivas escolas, encontram-se deterioradas, com registros de atolamentos de ve\u00edculos, causando atrasos. [&hellip;]<\/p>\n","protected":false},"author":1,"featured_media":0,"comment_status":"open","ping_status":"open","sticky":false,"template":"","format":"standard","meta":{"footnotes":""},"categories":[2],"tags":[],"class_list":["post-3470","post","type-post","status-publish","format-standard","hentry","category-noticias-do-dia"],"_links":{"self":[{"href":"https:\/\/www.saloanoticias.com\/v1\/wp-json\/wp\/v2\/posts\/3470","targetHints":{"allow":["GET"]}}],"collection":[{"href":"https:\/\/www.saloanoticias.com\/v1\/wp-json\/wp\/v2\/posts"}],"about":[{"href":"https:\/\/www.saloanoticias.com\/v1\/wp-json\/wp\/v2\/types\/post"}],"author":[{"embeddable":true,"href":"https:\/\/www.saloanoticias.com\/v1\/wp-json\/wp\/v2\/users\/1"}],"replies":[{"embeddable":true,"href":"https:\/\/www.saloanoticias.com\/v1\/wp-json\/wp\/v2\/comments?post=3470"}],"version-history":[{"count":0,"href":"https:\/\/www.saloanoticias.com\/v1\/wp-json\/wp\/v2\/posts\/3470\/revisions"}],"wp:attachment":[{"href":"https:\/\/www.saloanoticias.com\/v1\/wp-json\/wp\/v2\/media?parent=3470"}],"wp:term":[{"taxonomy":"category","embeddable":true,"href":"https:\/\/www.saloanoticias.com\/v1\/wp-json\/wp\/v2\/categories?post=3470"},{"taxonomy":"post_tag","embeddable":true,"href":"https:\/\/www.saloanoticias.com\/v1\/wp-json\/wp\/v2\/tags?post=3470"}],"curies":[{"name":"wp","href":"https:\/\/api.w.org\/{rel}","templated":true}]}}