{"id":3468,"date":"2017-07-05T00:15:00","date_gmt":"2017-07-05T00:15:00","guid":{"rendered":"https:\/\/saloanoticias.mrmediaweb.com\/v1\/2017\/07\/05\/ex-pastor-da-assembleia-de-deus-de-saloa-faleceu-em-recife\/"},"modified":"2017-07-05T00:15:00","modified_gmt":"2017-07-05T00:15:00","slug":"ex-pastor-da-assembleia-de-deus-de-saloa-faleceu-em-recife","status":"publish","type":"post","link":"https:\/\/www.saloanoticias.com\/v1\/ex-pastor-da-assembleia-de-deus-de-saloa-faleceu-em-recife\/","title":{"rendered":"EX-PASTOR DA IG. ASSEMBLEIA DE DEUS EM SALO\u00c1 FALECEU EM RECIFE"},"content":{"rendered":"<p align=\"justify\"><font size=\"3\" face=\"Arial\"><a href=\"http:\/\/www.saloanoticias.com\/images\/19665411_1140655162702749_2195509182703823271_n.jpg\"><img loading=\"lazy\" decoding=\"async\" title=\"19665411_1140655162702749_2195509182703823271_n\" style=\"border-top: 0px; border-right: 0px; background-image: none; border-bottom: 0px; float: right; padding-top: 0px; padding-left: 0px; margin: 5px 0px 0px 5px; border-left: 0px; display: inline; padding-right: 0px\" border=\"0\" alt=\"19665411_1140655162702749_2195509182703823271_n\" src=\"http:\/\/www.saloanoticias.com\/v1\/wp-content\/uploads\/imagens\/19665411_1140655162702749_2195509182703823271_n_thumb.jpg\" width=\"261\" align=\"right\" height=\"249\"><\/a>Faleceu \u00e0s 8h da noite desta segunda-feira, dia 3 de julho de 2017, o pastor Gerson Gomes, que dirigiu a Igreja Evang\u00e9lica Assembleia de Deus na cidade de Salo\u00e1 por alguns anos. Segundo a fam\u00edlia, ele vinha passando por graves problemas de sa\u00fade e estava fazendo inclusive, sess\u00f5es de hemodi\u00e1lise, e, na noite de ontem foi v\u00edtima de uma parada respirat\u00f3rio e faleceu. O pastor Gerson Gomes estava residindo com a fam\u00edlia em Recife e seu corpo foi sepultado no cemit\u00e9rio do bairro de Casa Amarela \u00e0s 15h de hoje, ter\u00e7a-feira (4). Pastor Gerson era um homem simples e muito dedicado na obra de Deus.<strong><font size=\"2\"> Foto: Arquivo da Fam\u00edlia<\/font><\/strong><\/font><\/p>\n<div style=\"margin-top: 0px; margin-bottom: 0px;\" class=\"sharethis-inline-share-buttons\" ><\/div>","protected":false},"excerpt":{"rendered":"<p>Faleceu \u00e0s 8h da noite desta segunda-feira, dia 3 de julho de 2017, o pastor Gerson Gomes, que dirigiu a Igreja Evang\u00e9lica Assembleia de Deus na cidade de Salo\u00e1 por alguns anos. Segundo a fam\u00edlia, ele vinha passando por graves problemas de sa\u00fade e estava fazendo inclusive, sess\u00f5es de hemodi\u00e1lise, e, na noite de ontem [&hellip;]<\/p>\n","protected":false},"author":1,"featured_media":0,"comment_status":"open","ping_status":"open","sticky":false,"template":"","format":"standard","meta":{"footnotes":""},"categories":[2],"tags":[],"class_list":["post-3468","post","type-post","status-publish","format-standard","hentry","category-noticias-do-dia"],"_links":{"self":[{"href":"https:\/\/www.saloanoticias.com\/v1\/wp-json\/wp\/v2\/posts\/3468","targetHints":{"allow":["GET"]}}],"collection":[{"href":"https:\/\/www.saloanoticias.com\/v1\/wp-json\/wp\/v2\/posts"}],"about":[{"href":"https:\/\/www.saloanoticias.com\/v1\/wp-json\/wp\/v2\/types\/post"}],"author":[{"embeddable":true,"href":"https:\/\/www.saloanoticias.com\/v1\/wp-json\/wp\/v2\/users\/1"}],"replies":[{"embeddable":true,"href":"https:\/\/www.saloanoticias.com\/v1\/wp-json\/wp\/v2\/comments?post=3468"}],"version-history":[{"count":0,"href":"https:\/\/www.saloanoticias.com\/v1\/wp-json\/wp\/v2\/posts\/3468\/revisions"}],"wp:attachment":[{"href":"https:\/\/www.saloanoticias.com\/v1\/wp-json\/wp\/v2\/media?parent=3468"}],"wp:term":[{"taxonomy":"category","embeddable":true,"href":"https:\/\/www.saloanoticias.com\/v1\/wp-json\/wp\/v2\/categories?post=3468"},{"taxonomy":"post_tag","embeddable":true,"href":"https:\/\/www.saloanoticias.com\/v1\/wp-json\/wp\/v2\/tags?post=3468"}],"curies":[{"name":"wp","href":"https:\/\/api.w.org\/{rel}","templated":true}]}}