{"id":3467,"date":"2017-07-07T14:01:00","date_gmt":"2017-07-07T14:01:00","guid":{"rendered":"https:\/\/saloanoticias.mrmediaweb.com\/v1\/2017\/07\/07\/vou-em-biscar-da-pista-que-liga-saloa-a-bom-conselho-diz-ricardo-alves\/"},"modified":"2017-07-07T14:01:00","modified_gmt":"2017-07-07T14:01:00","slug":"vou-em-biscar-da-pista-que-liga-saloa-a-bom-conselho-diz-ricardo-alves","status":"publish","type":"post","link":"https:\/\/www.saloanoticias.com\/v1\/vou-em-biscar-da-pista-que-liga-saloa-a-bom-conselho-diz-ricardo-alves\/","title":{"rendered":"VAMOS EM BUSCA DO ASFALTO ENTRE SALO\u00c1 E BOM CONSELHO, DIZ RICARDO ALVES"},"content":{"rendered":"<p align=\"justify\"><font size=\"3\" face=\"Arial\"><a href=\"http:\/\/www.saloanoticias.com\/images\/dsc_0808.jpg\"><img loading=\"lazy\" decoding=\"async\" title=\"DSC_0808\" style=\"border-left-width: 0px; border-right-width: 0px; background-image: none; border-bottom-width: 0px; float: right; padding-top: 0px; padding-left: 0px; margin: 5px 0px 0px 5px; display: inline; padding-right: 0px; border-top-width: 0px\" border=\"0\" alt=\"DSC_0808\" src=\"http:\/\/www.saloanoticias.com\/v1\/wp-content\/uploads\/imagens\/dsc_0808_thumb.jpg\" width=\"254\" align=\"right\" height=\"235\"><\/a>Em uma entrevista concedida ao programa Falando com o Agreste da R\u00e1dio Marano FM de Garanhuns, o prefeito de Salo\u00e1, Ricardo Alves (PMDB), disse que vai em busca do asfalto que ligar\u00e1 as cidades de Salo\u00e1 \u00e0 Bom Conselho, junto ao governo do Estado. Segundo ele, esta obra vai ajudar bastante no desenvolvimento da regi\u00e3o, principalmente desses dois munic\u00edpios, pois, a estrada interligar\u00e1 os estados de Pernambuco, Alagoas e Bahia.<\/font><\/p>\n<p align=\"justify\"><font size=\"3\" face=\"Arial\">Este \u00e9 um pleito da popula\u00e7\u00e3o j\u00e1 h\u00e1 v\u00e1rias d\u00e9cadas e espera-se que com a influ\u00eancia do gestor saloaense pode sair do papel. Ricardo j\u00e1 encaminhou um of\u00edcio ao Governador Paulo C\u00e2mara informando a real necessidade da obra para as economias de Salo\u00e1 e Bom Conselho e sabe que com o apoio do deputado Danilo Cabral as coisas v\u00e3o caminhar. No projeto ser\u00e3o asfaltados aproximadamente 20 km interligando as duas cidades e gerar\u00e1 muito desenvolvimento na regi\u00e3o. Ricardo Alves tamb\u00e9m tem o apoio do prefeito de Bom Conselho, Danilo Godoy.<\/font><\/p>\n<div style=\"margin-top: 0px; margin-bottom: 0px;\" class=\"sharethis-inline-share-buttons\" ><\/div>","protected":false},"excerpt":{"rendered":"<p>Em uma entrevista concedida ao programa Falando com o Agreste da R\u00e1dio Marano FM de Garanhuns, o prefeito de Salo\u00e1, Ricardo Alves (PMDB), disse que vai em busca do asfalto que ligar\u00e1 as cidades de Salo\u00e1 \u00e0 Bom Conselho, junto ao governo do Estado. Segundo ele, esta obra vai ajudar bastante no desenvolvimento da regi\u00e3o, [&hellip;]<\/p>\n","protected":false},"author":1,"featured_media":0,"comment_status":"open","ping_status":"open","sticky":false,"template":"","format":"standard","meta":{"footnotes":""},"categories":[2],"tags":[],"class_list":["post-3467","post","type-post","status-publish","format-standard","hentry","category-noticias-do-dia"],"_links":{"self":[{"href":"https:\/\/www.saloanoticias.com\/v1\/wp-json\/wp\/v2\/posts\/3467","targetHints":{"allow":["GET"]}}],"collection":[{"href":"https:\/\/www.saloanoticias.com\/v1\/wp-json\/wp\/v2\/posts"}],"about":[{"href":"https:\/\/www.saloanoticias.com\/v1\/wp-json\/wp\/v2\/types\/post"}],"author":[{"embeddable":true,"href":"https:\/\/www.saloanoticias.com\/v1\/wp-json\/wp\/v2\/users\/1"}],"replies":[{"embeddable":true,"href":"https:\/\/www.saloanoticias.com\/v1\/wp-json\/wp\/v2\/comments?post=3467"}],"version-history":[{"count":0,"href":"https:\/\/www.saloanoticias.com\/v1\/wp-json\/wp\/v2\/posts\/3467\/revisions"}],"wp:attachment":[{"href":"https:\/\/www.saloanoticias.com\/v1\/wp-json\/wp\/v2\/media?parent=3467"}],"wp:term":[{"taxonomy":"category","embeddable":true,"href":"https:\/\/www.saloanoticias.com\/v1\/wp-json\/wp\/v2\/categories?post=3467"},{"taxonomy":"post_tag","embeddable":true,"href":"https:\/\/www.saloanoticias.com\/v1\/wp-json\/wp\/v2\/tags?post=3467"}],"curies":[{"name":"wp","href":"https:\/\/api.w.org\/{rel}","templated":true}]}}