{"id":3466,"date":"2017-07-05T14:13:00","date_gmt":"2017-07-05T14:13:00","guid":{"rendered":"https:\/\/saloanoticias.mrmediaweb.com\/v1\/2017\/07\/05\/regutyr-martins-e-o-novo-pastor-da-assembleia-de-deus-em-saloa-no-lugar-de-ademir-barbosa\/"},"modified":"2017-07-05T14:13:00","modified_gmt":"2017-07-05T14:13:00","slug":"regutyr-martins-e-o-novo-pastor-da-assembleia-de-deus-em-saloa-no-lugar-de-ademir-barbosa","status":"publish","type":"post","link":"https:\/\/www.saloanoticias.com\/v1\/regutyr-martins-e-o-novo-pastor-da-assembleia-de-deus-em-saloa-no-lugar-de-ademir-barbosa\/","title":{"rendered":"REGOTHIER MARTINS \u00c9 O NOVO PASTOR DA IGREJA ASSEMBLEIA DE DEUS EM SALO\u00c1"},"content":{"rendered":"<p align=\"justify\"><font size=\"3\" face=\"Arial\"><a href=\"http:\/\/www.saloanoticias.com\/images\/19665411_1140655162702749_2195509182703823271_n_efdc1faf1b357ee52a9346289cbc9a3a.jpg\"><img loading=\"lazy\" decoding=\"async\" title=\"19665411_1140655162702749_2195509182703823271_n\" style=\"border-left-width: 0px; border-right-width: 0px; background-image: none; border-bottom-width: 0px; float: none; padding-top: 0px; padding-left: 0px; margin: 0px auto 10px; display: block; padding-right: 0px; border-top-width: 0px\" border=\"0\" alt=\"19665411_1140655162702749_2195509182703823271_n\" src=\"http:\/\/www.saloanoticias.com\/v1\/wp-content\/uploads\/imagens\/19665411_1140655162702749_2195509182703823271_n_thumb_c78c1b574664b444a0322e1361275579.jpg\" width=\"1486\" height=\"1091\"><\/a>A IEADPE &#8211; Igreja Evang\u00e9lica Assembleia de Deus em Pernambuco anunciou esta semana algumas mudan\u00e7as em suas filiais no Estado. Entre as novidades est\u00e1 a vinda do jovem pastor Reghotier Martins para a cidade de Salo\u00e1, ele que estava na cidade de Flores, no sert\u00e3o de Pernambuco. Com a chegada do novo pastor, o atual, Ademir Barbosa, foi jubilado, ou seja, aposentado. Reghotier \u00e9 muito conhecido pela igreja pernambucana por ser um eloquente pregador da Palavra de Deus e pela sua experi\u00eancia em miss\u00f5es, sendo do Departamento de Miss\u00f5es e Superintendente das Campanhas Evangelizadoras da IEADPE em Recife junto ao pastor Jeferson Aleluia.<\/font><\/p>\n<p align=\"justify\"><font size=\"3\" face=\"Arial\">Martins ainda foi designado pelo Pastor Presidente Ailton Jos\u00e9 Alves para o sert\u00e3o na cidade de Ex\u00fa e atualmente est\u00e1 pastoreando no munic\u00edpio de Flores. Na capital foi ainda coordenador de v\u00e1rias \u00e1reas. Pelas informa\u00e7\u00f5es que obtivemos, os membros da AD em Salo\u00e1\/PE receberam com otimismo a not\u00edcia da vinda do novo reverendo. Segundo a nossa fonte, a data da posse de Reghotier ainda n\u00e3o foi divulgada, mas, deve acontecer ainda neste m\u00eas de julho e, dever\u00e1 ter a presen\u00e7a de v\u00e1rios pastores da diretoria da igreja no Recife e na regi\u00e3o. Na foto, o pastor e sua fam\u00edlia. <strong><font size=\"2\">Com informa\u00e7\u00f5es da Fanpage Adora Salo\u00e1<\/font><\/strong><\/font><\/p>\n<div style=\"margin-top: 0px; margin-bottom: 0px;\" class=\"sharethis-inline-share-buttons\" ><\/div>","protected":false},"excerpt":{"rendered":"<p>A IEADPE &#8211; Igreja Evang\u00e9lica Assembleia de Deus em Pernambuco anunciou esta semana algumas mudan\u00e7as em suas filiais no Estado. Entre as novidades est\u00e1 a vinda do jovem pastor Reghotier Martins para a cidade de Salo\u00e1, ele que estava na cidade de Flores, no sert\u00e3o de Pernambuco. Com a chegada do novo pastor, o atual, [&hellip;]<\/p>\n","protected":false},"author":1,"featured_media":0,"comment_status":"open","ping_status":"open","sticky":false,"template":"","format":"standard","meta":{"footnotes":""},"categories":[2],"tags":[],"class_list":["post-3466","post","type-post","status-publish","format-standard","hentry","category-noticias-do-dia"],"_links":{"self":[{"href":"https:\/\/www.saloanoticias.com\/v1\/wp-json\/wp\/v2\/posts\/3466","targetHints":{"allow":["GET"]}}],"collection":[{"href":"https:\/\/www.saloanoticias.com\/v1\/wp-json\/wp\/v2\/posts"}],"about":[{"href":"https:\/\/www.saloanoticias.com\/v1\/wp-json\/wp\/v2\/types\/post"}],"author":[{"embeddable":true,"href":"https:\/\/www.saloanoticias.com\/v1\/wp-json\/wp\/v2\/users\/1"}],"replies":[{"embeddable":true,"href":"https:\/\/www.saloanoticias.com\/v1\/wp-json\/wp\/v2\/comments?post=3466"}],"version-history":[{"count":0,"href":"https:\/\/www.saloanoticias.com\/v1\/wp-json\/wp\/v2\/posts\/3466\/revisions"}],"wp:attachment":[{"href":"https:\/\/www.saloanoticias.com\/v1\/wp-json\/wp\/v2\/media?parent=3466"}],"wp:term":[{"taxonomy":"category","embeddable":true,"href":"https:\/\/www.saloanoticias.com\/v1\/wp-json\/wp\/v2\/categories?post=3466"},{"taxonomy":"post_tag","embeddable":true,"href":"https:\/\/www.saloanoticias.com\/v1\/wp-json\/wp\/v2\/tags?post=3466"}],"curies":[{"name":"wp","href":"https:\/\/api.w.org\/{rel}","templated":true}]}}