{"id":3464,"date":"2017-07-06T00:00:00","date_gmt":"2017-07-06T00:00:00","guid":{"rendered":"https:\/\/saloanoticias.mrmediaweb.com\/v1\/2017\/07\/06\/vicentinho-realizou-sua-primeira-festa-junina\/"},"modified":"2017-07-06T00:00:00","modified_gmt":"2017-07-06T00:00:00","slug":"vicentinho-realizou-sua-primeira-festa-junina","status":"publish","type":"post","link":"https:\/\/www.saloanoticias.com\/v1\/vicentinho-realizou-sua-primeira-festa-junina\/","title":{"rendered":"ESC. VICENTINHO REALIZOU SUA PRIMEIRA FESTIVIDADE JUNINA"},"content":{"rendered":"<p align=\"justify\"><font size=\"3\" face=\"Arial\"><a href=\"http:\/\/www.saloanoticias.com\/images\/1908127_773302366122454_6688851802885941368_n.jpg\"><img loading=\"lazy\" decoding=\"async\" title=\"1908127_773302366122454_6688851802885941368_n\" style=\"border-left-width: 0px; border-right-width: 0px; background-image: none; border-bottom-width: 0px; float: none; padding-top: 0px; padding-left: 0px; margin: 0px auto 10px; display: block; padding-right: 0px; border-top-width: 0px\" border=\"0\" alt=\"1908127_773302366122454_6688851802885941368_n\" src=\"http:\/\/www.saloanoticias.com\/v1\/wp-content\/uploads\/imagens\/1908127_773302366122454_6688851802885941368_n_thumb.jpg\" width=\"1506\" height=\"848\"><\/a>A exemplo do Centro de Educa\u00e7\u00e3o Infantil o Vicentinho \u00e9 mais uma idealiza\u00e7\u00e3o do Prefeito Ricardo Alves, criado este ano com a finalidade de atender crian\u00e7as com idade de seis anos que cursam o primeiro ano do ensino fundamental. A escola funciona no antigo pr\u00e9dio da CRECHE no Bairro Jaqueir\u00e3o, sua estrutura f\u00edsica foi totalmente reformada, conta com uma equipe treinada e capacitada para atender as crian\u00e7as, al\u00e9m do transporte \u201cLeva e Traz\u201d, e possui uma equipe de profissionais das mais diversas \u00e1reas coordenadas pela gestora Isabel Alves (Bel).<\/font><\/p>\n<p align=\"justify\"><a href=\"http:\/\/www.saloanoticias.com\/images\/19665411_1140655162702749_2195509182703823271_n_d187f6b98bf9535cd6c94e59310bb11b.jpg\"><img loading=\"lazy\" decoding=\"async\" title=\"19665411_1140655162702749_2195509182703823271_n\" style=\"border-left-width: 0px; border-right-width: 0px; background-image: none; border-bottom-width: 0px; float: none; padding-top: 0px; padding-left: 0px; margin-left: auto; display: block; padding-right: 0px; border-top-width: 0px; margin-right: auto\" border=\"0\" alt=\"19665411_1140655162702749_2195509182703823271_n\" src=\"http:\/\/www.saloanoticias.com\/v1\/wp-content\/uploads\/imagens\/19665411_1140655162702749_2195509182703823271_n_thumb_56e91c03d891f6a71263bc8ea1463a6f.jpg\" width=\"1514\" height=\"853\"><\/a><\/p>\n<p align=\"justify\"><font size=\"3\" face=\"Arial\">Hoje o Vicentinho atende a 140 crian\u00e7as, dentre elas algumas com necessidades especiais como: cadeirantes, surdos-mudos e outros tipos de defici\u00eancia. <\/font><font size=\"3\" face=\"Arial\">Este \u00e9 o primeiro ano de funcionamento do Vicentinho e o mesmo n\u00e3o poderia ficar sem sua primeira festa junina, para isso acontecer o Governo Municipal atrav\u00e9s do prefeito Ricardo Alves deu todas as condi\u00e7\u00f5es poss\u00edveis. Durante a festinha aconteceram apresenta\u00e7\u00f5es culturais feitas por cada turma dos primeiros anos, um verdadeiro show folcl\u00f3rico com dan\u00e7as da cultura nordestina, sorteio de balaio junino, comidas t\u00edpicas do Nordeste e muito mais.<\/font>  <\/p>\n<p align=\"justify\"><a href=\"http:\/\/www.saloanoticias.com\/images\/thumbnail_img_20170626_150731622.jpg\"><img loading=\"lazy\" decoding=\"async\" title=\"thumbnail_IMG_20170626_150731622\" style=\"border-left-width: 0px; border-right-width: 0px; background-image: none; border-bottom-width: 0px; float: none; padding-top: 0px; padding-left: 0px; margin-left: auto; display: block; padding-right: 0px; border-top-width: 0px; margin-right: auto\" border=\"0\" alt=\"thumbnail_IMG_20170626_150731622\" src=\"http:\/\/www.saloanoticias.com\/v1\/wp-content\/uploads\/imagens\/thumbnail_img_20170626_150731622_thumb.jpg\" width=\"1506\" height=\"848\"><\/a>  <\/p>\n<p align=\"justify\"><font size=\"3\" face=\"Arial\">O evento foi realizado no pr\u00e9dio do CCI, tendo os cuidados da Gestora Isabel junto com sua competente equipe, que foi desde a ornamenta\u00e7\u00e3o at\u00e9 a apresenta\u00e7\u00e3o das crian\u00e7as, tudo perfeito. <\/font><font size=\"3\" face=\"Arial\">A professora Isabel Alves, gestora do Vicentinho, agradece a presen\u00e7a de todos, desde secret\u00e1rios, funcion\u00e1rios, pais de alunos e ao prefeito Ricardo que deu todo apoio para o evento.<\/font><\/p>\n<p align=\"justify\"><a href=\"http:\/\/www.saloanoticias.com\/images\/thumbnail_img_20170626_152454798.jpg\"><img loading=\"lazy\" decoding=\"async\" title=\"thumbnail_IMG_20170626_152454798\" style=\"border-left-width: 0px; border-right-width: 0px; background-image: none; border-bottom-width: 0px; float: none; padding-top: 0px; padding-left: 0px; margin-left: auto; display: block; padding-right: 0px; border-top-width: 0px; margin-right: auto\" border=\"0\" alt=\"thumbnail_IMG_20170626_152454798\" src=\"http:\/\/www.saloanoticias.com\/v1\/wp-content\/uploads\/imagens\/thumbnail_img_20170626_152454798_thumb.jpg\" width=\"1501\" height=\"845\"><\/a><\/p>\n<div style=\"margin-top: 0px; margin-bottom: 0px;\" class=\"sharethis-inline-share-buttons\" ><\/div>","protected":false},"excerpt":{"rendered":"<p>A exemplo do Centro de Educa\u00e7\u00e3o Infantil o Vicentinho \u00e9 mais uma idealiza\u00e7\u00e3o do Prefeito Ricardo Alves, criado este ano com a finalidade de atender crian\u00e7as com idade de seis anos que cursam o primeiro ano do ensino fundamental. A escola funciona no antigo pr\u00e9dio da CRECHE no Bairro Jaqueir\u00e3o, sua estrutura f\u00edsica foi totalmente [&hellip;]<\/p>\n","protected":false},"author":1,"featured_media":0,"comment_status":"open","ping_status":"open","sticky":false,"template":"","format":"standard","meta":{"footnotes":""},"categories":[2],"tags":[],"class_list":["post-3464","post","type-post","status-publish","format-standard","hentry","category-noticias-do-dia"],"_links":{"self":[{"href":"https:\/\/www.saloanoticias.com\/v1\/wp-json\/wp\/v2\/posts\/3464","targetHints":{"allow":["GET"]}}],"collection":[{"href":"https:\/\/www.saloanoticias.com\/v1\/wp-json\/wp\/v2\/posts"}],"about":[{"href":"https:\/\/www.saloanoticias.com\/v1\/wp-json\/wp\/v2\/types\/post"}],"author":[{"embeddable":true,"href":"https:\/\/www.saloanoticias.com\/v1\/wp-json\/wp\/v2\/users\/1"}],"replies":[{"embeddable":true,"href":"https:\/\/www.saloanoticias.com\/v1\/wp-json\/wp\/v2\/comments?post=3464"}],"version-history":[{"count":0,"href":"https:\/\/www.saloanoticias.com\/v1\/wp-json\/wp\/v2\/posts\/3464\/revisions"}],"wp:attachment":[{"href":"https:\/\/www.saloanoticias.com\/v1\/wp-json\/wp\/v2\/media?parent=3464"}],"wp:term":[{"taxonomy":"category","embeddable":true,"href":"https:\/\/www.saloanoticias.com\/v1\/wp-json\/wp\/v2\/categories?post=3464"},{"taxonomy":"post_tag","embeddable":true,"href":"https:\/\/www.saloanoticias.com\/v1\/wp-json\/wp\/v2\/tags?post=3464"}],"curies":[{"name":"wp","href":"https:\/\/api.w.org\/{rel}","templated":true}]}}