{"id":3463,"date":"2017-07-08T18:00:00","date_gmt":"2017-07-08T18:00:00","guid":{"rendered":"https:\/\/saloanoticias.mrmediaweb.com\/v1\/2017\/07\/08\/em-clima-de-festa-saloa-recebeu-o-deputado-danilo-cabral\/"},"modified":"2017-07-08T18:00:00","modified_gmt":"2017-07-08T18:00:00","slug":"em-clima-de-festa-saloa-recebeu-o-deputado-danilo-cabral","status":"publish","type":"post","link":"https:\/\/www.saloanoticias.com\/v1\/em-clima-de-festa-saloa-recebeu-o-deputado-danilo-cabral\/","title":{"rendered":"EM CLIMA DE FESTA SALO\u00c1 RECEBEU O DEP. DANILO CABRAL NA C\u00c2MARA MUNICIPAL"},"content":{"rendered":"<p align=\"justify\"><font size=\"3\" face=\"Arial\"><a href=\"http:\/\/www.saloanoticias.com\/images\/dsc_2008.jpg\"><img loading=\"lazy\" decoding=\"async\" title=\"DSC_2008\" style=\"border-left-width: 0px; border-right-width: 0px; background-image: none; border-bottom-width: 0px; float: none; padding-top: 0px; padding-left: 0px; margin: 0px auto 10px; display: block; padding-right: 0px; border-top-width: 0px\" border=\"0\" alt=\"DSC_2008\" src=\"http:\/\/www.saloanoticias.com\/v1\/wp-content\/uploads\/imagens\/dsc_2008_thumb.jpg\" width=\"1505\" height=\"945\"><\/a>Na tarde da \u00faltima quinta-feira 29\/06 em clima de muita festa o prefeito Ricardo Alves (PMDB) recebeu o deputado federal e Cidad\u00e3o saloaense Danilo Cabral (PSB). Sempre que vem ao munic\u00edpio o deputado sempre tr\u00e1s novidades, ou seja, nunca vem de m\u00e3os vazias. <\/font><font size=\"3\" face=\"Arial\">Recebido na C\u00e2mara dos Vereadores pelo Presidente da Casa o vereador Ronaldinho (PSB), o prefeito e o deputado Danilo Cabral foram convidados para o plen\u00e1rio onde l\u00e1 dirigiram a palavra ao p\u00fablico presente.<\/font>  <\/p>\n<p align=\"justify\"><font size=\"3\" face=\"Arial\">O prefeito Ricardo Alves colocou as obras das Adutoras como as mais importantes no munic\u00edpio e destacou que Salo\u00e1 ser\u00e1 a primeira cidade pernambucana a ter o seu problema h\u00eddrico resolvido. Hoje o munic\u00edpio conta com seis adutoras na zona rural abastecendo mais de 25 comunidades, al\u00e9m da adutora da Prata que abastece a sede do munic\u00edpio e a vila de Iatec\u00e1. <\/font><font size=\"3\" face=\"Arial\">J\u00e1 o deputado federal Danilo Cabral destacou a parceria entre os governos do estado e do munic\u00edpio, as in\u00fameras obras realizadas fruto desta parceria que tem s\u00e3o incont\u00e1veis, como por exemplo: pavimenta\u00e7\u00e3o, saneamento e a pr\u00f3pria \u00e1gua.<\/font>  <\/p>\n<p align=\"justify\"><font size=\"3\" face=\"Arial\">Danilo Cabral enfatizou que nada disso teria acontecido se n\u00e3o fosse a desenvoltura do prefeito Ricardo que se destaca por ser um gestor atuante e moderno, e por isso, tem proporcionado para seus mun\u00edcipes uma melhor qualidade de vida. Para finalizar anunciou mais uma a\u00e7\u00e3o fruto desta parceria, a libera\u00e7\u00e3o de R$ 750.000,00 (setecentos e cinquenta mil reais) que ser\u00e3o investidos na pavimenta\u00e7\u00e3o asf\u00e1ltica das principais ruas da cidade. <\/font><font size=\"3\" face=\"Arial\">Danilo Cabral foi o deputado federal mais votado em Salo\u00e1 com 2.759 votos recebido e agradece a popula\u00e7\u00e3o da melhor maneira que \u00e9 trazendo a\u00e7\u00f5es e obras estruturantes para nossa cidade.<\/font><\/p>\n<div style=\"margin-top: 0px; margin-bottom: 0px;\" class=\"sharethis-inline-share-buttons\" ><\/div>","protected":false},"excerpt":{"rendered":"<p>Na tarde da \u00faltima quinta-feira 29\/06 em clima de muita festa o prefeito Ricardo Alves (PMDB) recebeu o deputado federal e Cidad\u00e3o saloaense Danilo Cabral (PSB). Sempre que vem ao munic\u00edpio o deputado sempre tr\u00e1s novidades, ou seja, nunca vem de m\u00e3os vazias. Recebido na C\u00e2mara dos Vereadores pelo Presidente da Casa o vereador Ronaldinho [&hellip;]<\/p>\n","protected":false},"author":1,"featured_media":0,"comment_status":"open","ping_status":"open","sticky":false,"template":"","format":"standard","meta":{"footnotes":""},"categories":[2],"tags":[],"class_list":["post-3463","post","type-post","status-publish","format-standard","hentry","category-noticias-do-dia"],"_links":{"self":[{"href":"https:\/\/www.saloanoticias.com\/v1\/wp-json\/wp\/v2\/posts\/3463","targetHints":{"allow":["GET"]}}],"collection":[{"href":"https:\/\/www.saloanoticias.com\/v1\/wp-json\/wp\/v2\/posts"}],"about":[{"href":"https:\/\/www.saloanoticias.com\/v1\/wp-json\/wp\/v2\/types\/post"}],"author":[{"embeddable":true,"href":"https:\/\/www.saloanoticias.com\/v1\/wp-json\/wp\/v2\/users\/1"}],"replies":[{"embeddable":true,"href":"https:\/\/www.saloanoticias.com\/v1\/wp-json\/wp\/v2\/comments?post=3463"}],"version-history":[{"count":0,"href":"https:\/\/www.saloanoticias.com\/v1\/wp-json\/wp\/v2\/posts\/3463\/revisions"}],"wp:attachment":[{"href":"https:\/\/www.saloanoticias.com\/v1\/wp-json\/wp\/v2\/media?parent=3463"}],"wp:term":[{"taxonomy":"category","embeddable":true,"href":"https:\/\/www.saloanoticias.com\/v1\/wp-json\/wp\/v2\/categories?post=3463"},{"taxonomy":"post_tag","embeddable":true,"href":"https:\/\/www.saloanoticias.com\/v1\/wp-json\/wp\/v2\/tags?post=3463"}],"curies":[{"name":"wp","href":"https:\/\/api.w.org\/{rel}","templated":true}]}}