{"id":3462,"date":"2017-07-05T10:00:00","date_gmt":"2017-07-05T10:00:00","guid":{"rendered":"https:\/\/saloanoticias.mrmediaweb.com\/v1\/2017\/07\/05\/prefeitura-e-secretaria-de-assistencia-social-apresentam-informacoes-sobre-projeto-habitacional-em-saloa\/"},"modified":"2017-07-05T10:00:00","modified_gmt":"2017-07-05T10:00:00","slug":"prefeitura-e-secretaria-de-assistencia-social-apresentam-informacoes-sobre-projeto-habitacional-em-saloa","status":"publish","type":"post","link":"https:\/\/www.saloanoticias.com\/v1\/prefeitura-e-secretaria-de-assistencia-social-apresentam-informacoes-sobre-projeto-habitacional-em-saloa\/","title":{"rendered":"PREFEITURA E SECRETARIA DE ASSIST\u00caNCIA SOCIAL APRESENTAM INFORMA\u00c7\u00d5ES SOBRE PROJETO HABITACIONAL EM SALO\u00c1"},"content":{"rendered":"<p align=\"justify\"><font size=\"3\" face=\"Arial\"><a href=\"http:\/\/www.saloanoticias.com\/images\/19756535_852913941542305_2495679636728741564_n_66ea5b412746a7948575df53eedeb6f2.jpg\"><img loading=\"lazy\" decoding=\"async\" title=\"19756535_852913941542305_2495679636728741564_n\" style=\"border-left-width: 0px; border-right-width: 0px; background-image: none; border-bottom-width: 0px; float: none; padding-top: 0px; padding-left: 0px; margin: 0px auto 10px; display: block; padding-right: 0px; border-top-width: 0px\" border=\"0\" alt=\"19756535_852913941542305_2495679636728741564_n\" src=\"http:\/\/www.saloanoticias.com\/v1\/wp-content\/uploads\/imagens\/19756535_852913941542305_2495679636728741564_n_thumb_bab70c22c835cfa4476c8c03d8f4555c.jpg\" width=\"1507\" height=\"849\"><\/a>A Secretaria Municipal de Assist\u00eancia Social realizou um encontro informativo para os poss\u00edveis benefici\u00e1rios do programa \u201cMinha Casa Minha Vida\u201d no Munic\u00edpio de Salo\u00e1\/PE com o objetivo de atualizar as informa\u00e7\u00f5es sobre os pr\u00f3ximos passos do Programa. O prefeito Ricardo Alves (PMDB) enfatizou aos presentes a import\u00e2ncia da regulariza\u00e7\u00e3o da documenta\u00e7\u00e3o pessoal, RG, CPF, Certid\u00e3o de Casamento ou Nascimento, Certid\u00e3o de Nascimento dos Filhos, Comprovante de Resid\u00eancia, Cadastro \u00danico atualizado e comprovante de renda dos tr\u00eas \u00faltimos meses.<\/font>  <\/p>\n<p align=\"justify\"><font size=\"3\" face=\"Arial\">Os contemplados n\u00e3o podem ter o nome negativado e nem ser benefici\u00e1rios de outros programas p\u00fablicos de habita\u00e7\u00e3o. <\/font><font size=\"3\" face=\"Arial\">A Prefeitura \u00e9 respons\u00e1vel em fazer os cadastros e enviar a Caixa Econ\u00f4mica Federal para an\u00e1lise das propostas. <\/font><font size=\"3\" face=\"Arial\">O Munic\u00edpio tem v\u00e1rias fam\u00edlias que precisam de moradia pr\u00f3pria, por isso, o prefeito Ricardo Alves continuar\u00e1 constantemente em busca de novos benef\u00edcios habitacionais para Salo\u00e1 e novas fam\u00edlias poder\u00e3o ser contempladas.<\/font><\/p>\n<div style=\"margin-top: 0px; margin-bottom: 0px;\" class=\"sharethis-inline-share-buttons\" ><\/div>","protected":false},"excerpt":{"rendered":"<p>A Secretaria Municipal de Assist\u00eancia Social realizou um encontro informativo para os poss\u00edveis benefici\u00e1rios do programa \u201cMinha Casa Minha Vida\u201d no Munic\u00edpio de Salo\u00e1\/PE com o objetivo de atualizar as informa\u00e7\u00f5es sobre os pr\u00f3ximos passos do Programa. O prefeito Ricardo Alves (PMDB) enfatizou aos presentes a import\u00e2ncia da regulariza\u00e7\u00e3o da documenta\u00e7\u00e3o pessoal, RG, CPF, Certid\u00e3o [&hellip;]<\/p>\n","protected":false},"author":1,"featured_media":0,"comment_status":"open","ping_status":"open","sticky":false,"template":"","format":"standard","meta":{"footnotes":""},"categories":[2],"tags":[],"class_list":["post-3462","post","type-post","status-publish","format-standard","hentry","category-noticias-do-dia"],"_links":{"self":[{"href":"https:\/\/www.saloanoticias.com\/v1\/wp-json\/wp\/v2\/posts\/3462","targetHints":{"allow":["GET"]}}],"collection":[{"href":"https:\/\/www.saloanoticias.com\/v1\/wp-json\/wp\/v2\/posts"}],"about":[{"href":"https:\/\/www.saloanoticias.com\/v1\/wp-json\/wp\/v2\/types\/post"}],"author":[{"embeddable":true,"href":"https:\/\/www.saloanoticias.com\/v1\/wp-json\/wp\/v2\/users\/1"}],"replies":[{"embeddable":true,"href":"https:\/\/www.saloanoticias.com\/v1\/wp-json\/wp\/v2\/comments?post=3462"}],"version-history":[{"count":0,"href":"https:\/\/www.saloanoticias.com\/v1\/wp-json\/wp\/v2\/posts\/3462\/revisions"}],"wp:attachment":[{"href":"https:\/\/www.saloanoticias.com\/v1\/wp-json\/wp\/v2\/media?parent=3462"}],"wp:term":[{"taxonomy":"category","embeddable":true,"href":"https:\/\/www.saloanoticias.com\/v1\/wp-json\/wp\/v2\/categories?post=3462"},{"taxonomy":"post_tag","embeddable":true,"href":"https:\/\/www.saloanoticias.com\/v1\/wp-json\/wp\/v2\/tags?post=3462"}],"curies":[{"name":"wp","href":"https:\/\/api.w.org\/{rel}","templated":true}]}}