{"id":3451,"date":"2017-06-27T20:21:00","date_gmt":"2017-06-27T20:21:00","guid":{"rendered":"https:\/\/saloanoticias.mrmediaweb.com\/v1\/2017\/06\/27\/danilo-repudia-decisao-do-prefeito-de-aguas-belas\/"},"modified":"2017-06-27T20:21:00","modified_gmt":"2017-06-27T20:21:00","slug":"danilo-repudia-decisao-do-prefeito-de-aguas-belas","status":"publish","type":"post","link":"https:\/\/www.saloanoticias.com\/v1\/danilo-repudia-decisao-do-prefeito-de-aguas-belas\/","title":{"rendered":"DANILO REPUDIA DECIS\u00c3O DO PREFEITO DE \u00c1GUAS BELAS CONTRA SERVIDORES"},"content":{"rendered":"<p align=\"justify\"><font size=\"3\" face=\"Arial\"><a href=\"http:\/\/www.saloanoticias.com\/images\/danilo_5b6ad02c383350b4fd731c1c6a65c371.jpg\"><img loading=\"lazy\" decoding=\"async\" title=\"danilo\" style=\"border-top: 0px; border-right: 0px; background-image: none; border-bottom: 0px; float: left; padding-top: 0px; padding-left: 0px; margin: 5px 5px 0px 0px; border-left: 0px; display: inline; padding-right: 0px\" border=\"0\" alt=\"danilo\" src=\"http:\/\/www.saloanoticias.com\/v1\/wp-content\/uploads\/imagens\/danilo_thumb_d403ce7f8cc8270bdce39b92d11b2a1b.jpg\" width=\"310\" align=\"left\" height=\"207\"><\/a>Em discurso no Plen\u00e1rio da C\u00e2mara dos Deputados, Danilo Cabral (PSB) repudiou a decis\u00e3o do prefeito de \u00c1guas Belas, Luiz Aroldo Rezende (PT), de sancionar uma lei que retira direitos adquiridos pelos servidores municipais. Segundo o parlamentar, o gestor encaminhou um pacote de maldades, atropelando o debate, sem fazer dialogar com a popula\u00e7\u00e3o, desrespeitando o Legislativo municipal.<\/font> <font size=\"3\" face=\"Arial\">O prefeito encaminhou projeto de lei para a C\u00e2mara de Vereadores retirando, por exemplo, o quinqu\u00eanio e a incorpora\u00e7\u00e3o de gratifica\u00e7\u00f5es para a aposentadoria dos funcion\u00e1rios.<\/font> <\/p>\n<p align=\"justify\"><font size=\"3\" face=\"Arial\">O texto foi votado e aprovado no mesmo dia, sem respeitar o prazo legal de tramita\u00e7\u00e3o de um projeto na Casa. No \u00faltimo dia 19, foi realizada a segunda vota\u00e7\u00e3o, que ratificou a anterior.<\/font>&nbsp;<font size=\"3\" face=\"Arial\">\u201cEntendo que essa iniciativa vai na contram\u00e3o daquilo que defendemos aqui, no Congresso Nacional, que \u00e9 o fortalecimento do servidor p\u00fablico e a preserva\u00e7\u00e3o das conquistas da sociedade brasileira\u201d, criticou Danilo Cabral.<\/font><\/p>\n<div style=\"margin-top: 0px; margin-bottom: 0px;\" class=\"sharethis-inline-share-buttons\" ><\/div>","protected":false},"excerpt":{"rendered":"<p>Em discurso no Plen\u00e1rio da C\u00e2mara dos Deputados, Danilo Cabral (PSB) repudiou a decis\u00e3o do prefeito de \u00c1guas Belas, Luiz Aroldo Rezende (PT), de sancionar uma lei que retira direitos adquiridos pelos servidores municipais. Segundo o parlamentar, o gestor encaminhou um pacote de maldades, atropelando o debate, sem fazer dialogar com a popula\u00e7\u00e3o, desrespeitando o [&hellip;]<\/p>\n","protected":false},"author":1,"featured_media":0,"comment_status":"open","ping_status":"open","sticky":false,"template":"","format":"standard","meta":{"footnotes":""},"categories":[2],"tags":[],"class_list":["post-3451","post","type-post","status-publish","format-standard","hentry","category-noticias-do-dia"],"_links":{"self":[{"href":"https:\/\/www.saloanoticias.com\/v1\/wp-json\/wp\/v2\/posts\/3451","targetHints":{"allow":["GET"]}}],"collection":[{"href":"https:\/\/www.saloanoticias.com\/v1\/wp-json\/wp\/v2\/posts"}],"about":[{"href":"https:\/\/www.saloanoticias.com\/v1\/wp-json\/wp\/v2\/types\/post"}],"author":[{"embeddable":true,"href":"https:\/\/www.saloanoticias.com\/v1\/wp-json\/wp\/v2\/users\/1"}],"replies":[{"embeddable":true,"href":"https:\/\/www.saloanoticias.com\/v1\/wp-json\/wp\/v2\/comments?post=3451"}],"version-history":[{"count":0,"href":"https:\/\/www.saloanoticias.com\/v1\/wp-json\/wp\/v2\/posts\/3451\/revisions"}],"wp:attachment":[{"href":"https:\/\/www.saloanoticias.com\/v1\/wp-json\/wp\/v2\/media?parent=3451"}],"wp:term":[{"taxonomy":"category","embeddable":true,"href":"https:\/\/www.saloanoticias.com\/v1\/wp-json\/wp\/v2\/categories?post=3451"},{"taxonomy":"post_tag","embeddable":true,"href":"https:\/\/www.saloanoticias.com\/v1\/wp-json\/wp\/v2\/tags?post=3451"}],"curies":[{"name":"wp","href":"https:\/\/api.w.org\/{rel}","templated":true}]}}