{"id":3450,"date":"2017-06-27T12:37:00","date_gmt":"2017-06-27T12:37:00","guid":{"rendered":"https:\/\/saloanoticias.mrmediaweb.com\/v1\/2017\/06\/27\/temer-e-denunciado-pela-procuradoria-geral\/"},"modified":"2017-06-27T12:37:00","modified_gmt":"2017-06-27T12:37:00","slug":"temer-e-denunciado-pela-procuradoria-geral","status":"publish","type":"post","link":"https:\/\/www.saloanoticias.com\/v1\/temer-e-denunciado-pela-procuradoria-geral\/","title":{"rendered":"PRESIDENTE TEMER \u00c9 DENUNCIADO PELA PROCURADORIA GERAL DA REP\u00daBLICA"},"content":{"rendered":"<p align=\"justify\"><font size=\"3\" face=\"Arial\"><a href=\"http:\/\/www.saloanoticias.com\/images\/temer-coronel_9be2f19786ab143812b0e7f2943270af.jpg\"><img loading=\"lazy\" decoding=\"async\" title=\"temer-coronel\" style=\"border-top: 0px; border-right: 0px; background-image: none; border-bottom: 0px; float: left; padding-top: 0px; padding-left: 0px; margin: 5px 5px 0px 0px; border-left: 0px; display: inline; padding-right: 0px\" border=\"0\" alt=\"temer-coronel\" src=\"http:\/\/www.saloanoticias.com\/v1\/wp-content\/uploads\/imagens\/temer-coronel_thumb_031ee877c0dc089367a6de22ba99b515.jpg\" width=\"296\" align=\"left\" height=\"226\"><\/a>O procurador-geral da Rep\u00fablica, Rodrigo Janot, denunciou criminalmente o presidente Michel Temer por corrup\u00e7\u00e3o passiva no caso JBS. A den\u00fancia foi protocolada nesta segunda-feira, 26, no Supremo Tribunal Federal. Janot atribui crime a Temer a partir do inqu\u00e9rito da Opera\u00e7\u00e3o Patmos &#8211; investiga\u00e7\u00e3o desencadeada com base nas dela\u00e7\u00f5es dos executivos do grupo J&amp;F, que controla a JBS. <\/font><font size=\"3\" face=\"Arial\">A a\u00e7\u00e3o proposta por Janot n\u00e3o pode ser aberta diretamente pelo Supremo.<\/font> <\/p>\n<p align=\"justify\"><font size=\"3\" face=\"Arial\">O ministro Edson Fachin, relator da Lava Jato na Corte m\u00e1xima, ter\u00e1 de enviar a acusa\u00e7\u00e3o formal do procurador \u00e0 C\u00e2mara, Casa que pode autorizar a abertura do processo contra o presidente &#8211; \u00e9 necess\u00e1ria a aprova\u00e7\u00e3o de dois ter\u00e7os dos 513 deputados. <\/font><font size=\"3\" face=\"Arial\">O caso JBS mergulhou o presidente em sua pior crise pol\u00edtica. Na noite de 7 de mar\u00e7o, Temer recebeu no Pal\u00e1cio do Jaburu o executivo Joesley Batista, que gravou a conversa com o peemedebista.<\/font> <\/p>\n<p align=\"justify\"><font size=\"3\" face=\"Arial\">Nela, Joesley admite uma sucess\u00e3o de crimes, como o pagamento de mesada de R$ 50 mil ao procurador da Rep\u00fablica \u00c2ngelo Goulart em troca de informa\u00e7\u00f5es privilegiadas da Opera\u00e7\u00e3o Greenfield, investiga\u00e7\u00e3o sobre rombo bilion\u00e1rio nos maiores fundos de pens\u00e3o do Pa\u00eds. <\/font><font size=\"3\" face=\"Arial\">A investiga\u00e7\u00e3o revela os movimentos do &#8216;homem da mala&#8217;, Rodrigo Rocha Loures, ex-assessor especial do presidente. Na noite de 28 de abril, Loures foi flagrado em S\u00e3o Paulo correndo com uma mala de propinas da JBS &#8211; 10 mil notas de R$ 50, somando R$ 500 mil. <\/font><font size=\"3\" face=\"Arial\">Os investigadores suspeitam que a propina seria destinada a Temer, o que \u00e9 negado pela defesa do presidente. <strong><font size=\"2\">Fonte: Di\u00e1rio de Pernambuco<\/font><\/strong><\/font><\/p>\n<div style=\"margin-top: 0px; margin-bottom: 0px;\" class=\"sharethis-inline-share-buttons\" ><\/div>","protected":false},"excerpt":{"rendered":"<p>O procurador-geral da Rep\u00fablica, Rodrigo Janot, denunciou criminalmente o presidente Michel Temer por corrup\u00e7\u00e3o passiva no caso JBS. A den\u00fancia foi protocolada nesta segunda-feira, 26, no Supremo Tribunal Federal. Janot atribui crime a Temer a partir do inqu\u00e9rito da Opera\u00e7\u00e3o Patmos &#8211; investiga\u00e7\u00e3o desencadeada com base nas dela\u00e7\u00f5es dos executivos do grupo J&amp;F, que controla [&hellip;]<\/p>\n","protected":false},"author":1,"featured_media":0,"comment_status":"open","ping_status":"open","sticky":false,"template":"","format":"standard","meta":{"footnotes":""},"categories":[2],"tags":[],"class_list":["post-3450","post","type-post","status-publish","format-standard","hentry","category-noticias-do-dia"],"_links":{"self":[{"href":"https:\/\/www.saloanoticias.com\/v1\/wp-json\/wp\/v2\/posts\/3450","targetHints":{"allow":["GET"]}}],"collection":[{"href":"https:\/\/www.saloanoticias.com\/v1\/wp-json\/wp\/v2\/posts"}],"about":[{"href":"https:\/\/www.saloanoticias.com\/v1\/wp-json\/wp\/v2\/types\/post"}],"author":[{"embeddable":true,"href":"https:\/\/www.saloanoticias.com\/v1\/wp-json\/wp\/v2\/users\/1"}],"replies":[{"embeddable":true,"href":"https:\/\/www.saloanoticias.com\/v1\/wp-json\/wp\/v2\/comments?post=3450"}],"version-history":[{"count":0,"href":"https:\/\/www.saloanoticias.com\/v1\/wp-json\/wp\/v2\/posts\/3450\/revisions"}],"wp:attachment":[{"href":"https:\/\/www.saloanoticias.com\/v1\/wp-json\/wp\/v2\/media?parent=3450"}],"wp:term":[{"taxonomy":"category","embeddable":true,"href":"https:\/\/www.saloanoticias.com\/v1\/wp-json\/wp\/v2\/categories?post=3450"},{"taxonomy":"post_tag","embeddable":true,"href":"https:\/\/www.saloanoticias.com\/v1\/wp-json\/wp\/v2\/tags?post=3450"}],"curies":[{"name":"wp","href":"https:\/\/api.w.org\/{rel}","templated":true}]}}