{"id":3397,"date":"2017-05-26T18:00:00","date_gmt":"2017-05-26T18:00:00","guid":{"rendered":"https:\/\/saloanoticias.mrmediaweb.com\/v1\/2017\/05\/26\/brandao-construcoes-esta-de-nova-direcao\/"},"modified":"2017-05-26T18:00:00","modified_gmt":"2017-05-26T18:00:00","slug":"brandao-construcoes-esta-de-nova-direcao","status":"publish","type":"post","link":"https:\/\/www.saloanoticias.com\/v1\/brandao-construcoes-esta-de-nova-direcao\/","title":{"rendered":"\u201cBRAND\u00c3O CONSTRU\u00c7\u00d5ES\u201d EST\u00c1 COM NOVA ADMINISTRA\u00c7\u00c3O DE F\u00c1BIO MELO"},"content":{"rendered":"<p align=\"justify\"><font size=\"3\" face=\"Arial\"><a href=\"http:\/\/www.saloanoticias.com\/images\/thumbnail_20170425_090725_ec39ac305b7ee5541c2d03b8b5ad789b.jpg\"><img loading=\"lazy\" decoding=\"async\" title=\"thumbnail_20170425_090725\" style=\"border-left-width: 0px; border-right-width: 0px; background-image: none; border-bottom-width: 0px; float: left; padding-top: 0px; padding-left: 0px; margin: 5px 5px 0px 0px; display: inline; padding-right: 0px; border-top-width: 0px\" border=\"0\" alt=\"thumbnail_20170425_090725\" src=\"http:\/\/www.saloanoticias.com\/v1\/wp-content\/uploads\/imagens\/thumbnail_20170425_090725_thumb_cdc21cf1cc7d1b3541184a3148d8a37e.jpg\" width=\"267\" align=\"left\" height=\"269\"><\/a>A loja de materiais de constru\u00e7\u00f5es, Brand\u00e3o Constru\u00e7\u00f5es, agora est\u00e1 sob nova administra\u00e7\u00e3o e passou a se chamar \u201cF\u00c1BIO CONSTRU\u00c7\u00d5ES\u201d. L\u00e1 voc\u00ea encontra tudo para a sua constru\u00e7\u00e3o. Do piso ao teto voc\u00ea encontra as melhores marcas do mercado, venha e confira, temos: madeiras, telhas, cimento, tijolos, forro de pvc, material el\u00e9trico e hidr\u00e1ulico, al\u00e9m do melhor pre\u00e7o e atendimento da cidade. O que voc\u00ea est\u00e1 esperando ! V\u00e1 l\u00e1 e confira voc\u00ea mesmo, procure o nosso amigo F\u00e1bio e construa com seguran\u00e7a e qualidade. Rua Dom Expedito Lopes, em frente a pista de Cooper, Fone: <strong><font size=\"2\">(87)<\/font> 98126.1223<\/strong>, com a administra\u00e7\u00e3o do amigo F\u00e1bio Melo. F\u00e1bio \u00e9 um comerciante bastante conhecido na cidade e trabalha no ramo h\u00e1 v\u00e1rios anos, sempre com \u00f3timos atendimentos \u00e0 popula\u00e7\u00e3o.<\/font><\/p>\n<div style=\"margin-top: 0px; margin-bottom: 0px;\" class=\"sharethis-inline-share-buttons\" ><\/div>","protected":false},"excerpt":{"rendered":"<p>A loja de materiais de constru\u00e7\u00f5es, Brand\u00e3o Constru\u00e7\u00f5es, agora est\u00e1 sob nova administra\u00e7\u00e3o e passou a se chamar \u201cF\u00c1BIO CONSTRU\u00c7\u00d5ES\u201d. L\u00e1 voc\u00ea encontra tudo para a sua constru\u00e7\u00e3o. Do piso ao teto voc\u00ea encontra as melhores marcas do mercado, venha e confira, temos: madeiras, telhas, cimento, tijolos, forro de pvc, material el\u00e9trico e hidr\u00e1ulico, al\u00e9m [&hellip;]<\/p>\n","protected":false},"author":1,"featured_media":0,"comment_status":"open","ping_status":"open","sticky":false,"template":"","format":"standard","meta":{"footnotes":""},"categories":[2],"tags":[],"class_list":["post-3397","post","type-post","status-publish","format-standard","hentry","category-noticias-do-dia"],"_links":{"self":[{"href":"https:\/\/www.saloanoticias.com\/v1\/wp-json\/wp\/v2\/posts\/3397","targetHints":{"allow":["GET"]}}],"collection":[{"href":"https:\/\/www.saloanoticias.com\/v1\/wp-json\/wp\/v2\/posts"}],"about":[{"href":"https:\/\/www.saloanoticias.com\/v1\/wp-json\/wp\/v2\/types\/post"}],"author":[{"embeddable":true,"href":"https:\/\/www.saloanoticias.com\/v1\/wp-json\/wp\/v2\/users\/1"}],"replies":[{"embeddable":true,"href":"https:\/\/www.saloanoticias.com\/v1\/wp-json\/wp\/v2\/comments?post=3397"}],"version-history":[{"count":0,"href":"https:\/\/www.saloanoticias.com\/v1\/wp-json\/wp\/v2\/posts\/3397\/revisions"}],"wp:attachment":[{"href":"https:\/\/www.saloanoticias.com\/v1\/wp-json\/wp\/v2\/media?parent=3397"}],"wp:term":[{"taxonomy":"category","embeddable":true,"href":"https:\/\/www.saloanoticias.com\/v1\/wp-json\/wp\/v2\/categories?post=3397"},{"taxonomy":"post_tag","embeddable":true,"href":"https:\/\/www.saloanoticias.com\/v1\/wp-json\/wp\/v2\/tags?post=3397"}],"curies":[{"name":"wp","href":"https:\/\/api.w.org\/{rel}","templated":true}]}}