{"id":3385,"date":"2017-05-20T15:00:00","date_gmt":"2017-05-20T15:00:00","guid":{"rendered":"https:\/\/saloanoticias.mrmediaweb.com\/v1\/2017\/05\/20\/escola-vicentinho-tambem-celebra-o-dia-das-maes\/"},"modified":"2017-05-20T15:00:00","modified_gmt":"2017-05-20T15:00:00","slug":"escola-vicentinho-tambem-celebra-o-dia-das-maes","status":"publish","type":"post","link":"https:\/\/www.saloanoticias.com\/v1\/escola-vicentinho-tambem-celebra-o-dia-das-maes\/","title":{"rendered":"ESCOLA VICENTINHO TAMB\u00c9M CELEBROU O DIA DAS M\u00c3ES COM GRANDE ESTILO"},"content":{"rendered":"<p align=\"justify\"><font size=\"3\" face=\"Arial\"><a href=\"http:\/\/www.saloanoticias.com\/images\/thumbnail_img-20170518-wa0014.jpg\"><img loading=\"lazy\" decoding=\"async\" title=\"thumbnail_IMG-20170518-WA0014\" style=\"border-top: 0px; border-right: 0px; background-image: none; border-bottom: 0px; float: none; padding-top: 0px; padding-left: 0px; margin-left: auto; border-left: 0px; display: block; padding-right: 0px; margin-right: auto\" border=\"0\" alt=\"thumbnail_IMG-20170518-WA0014\" src=\"http:\/\/www.saloanoticias.com\/v1\/wp-content\/uploads\/imagens\/thumbnail_img-20170518-wa0014_thumb.jpg\" width=\"1526\" height=\"1105\"><\/a>No seu primeiro ano de exist\u00eancia, criado agora na segunda gest\u00e3o do prefeito Ricardo Alves (PMDB), o Vicentinho que \u00e9 uma escola anexa da escola Municipal S\u00e3o Vicente, que atende crian\u00e7as entre 6 e 7 anos que cursam o primeiro ano do ensino fundamental I, comemorou o seu primeiro dia das m\u00e3es em grande estilo. <\/font><font size=\"3\" face=\"Arial\">O primeiro ano do ensino fundamental I foi desmembrado do pr\u00e9dio da Escola S\u00e3o Vicente localizado na Av. Get\u00falio Vargas para funcionar no antigo pr\u00e9dio da CRECHE no bairro Jaqueir\u00e3o para facilitar a aprendizagem da garotada.<\/font><\/p>\n<p><a href=\"http:\/\/www.saloanoticias.com\/images\/img-20170518-wa0012.jpg\"><img loading=\"lazy\" decoding=\"async\" title=\"IMG-20170518-WA0012\" style=\"border-top: 0px; border-right: 0px; background-image: none; border-bottom: 0px; float: none; padding-top: 0px; padding-left: 0px; margin-left: auto; border-left: 0px; display: block; padding-right: 0px; margin-right: auto\" border=\"0\" alt=\"IMG-20170518-WA0012\" src=\"http:\/\/www.saloanoticias.com\/v1\/wp-content\/uploads\/imagens\/img-20170518-wa0012_thumb.jpg\" width=\"1499\" height=\"904\"><\/a><\/p>\n<p align=\"justify\"><font size=\"3\" face=\"Arial\">Contando com uma grande estrutura o pr\u00e9dio tem tudo adaptado, tem um amplo espa\u00e7o, brinquedos, cantina e uma equipe capacitada e experiente cuidando desta crian\u00e7ada, al\u00e9m do transporte escolar leva e tr\u00e1s. <\/font><font size=\"3\" face=\"Arial\">Com tudo isso n\u00e3o poderia acontecer de outra forma, a Festa das M\u00e3es foi um sucesso, com apresenta\u00e7\u00f5es realizadas pela crian\u00e7ada emocionando as mais de 100 m\u00e3es que ali estavam, ainda foram entregues presentes para as m\u00e3es, lanche etc. A festa foi realizado no pr\u00e9dio do CCI, vizinho ao pr\u00e9dio do Vicentinho. O Vicentinho tem a dire\u00e7\u00e3o de Izabel Alves.<\/font> <\/p>\n<p><a href=\"http:\/\/www.saloanoticias.com\/images\/18528065_826411530859213_5042559711498982886_n_bf19fdb068c3b09044431d207b763c52.jpg\"><img loading=\"lazy\" decoding=\"async\" title=\"18528065_826411530859213_5042559711498982886_n\" style=\"border-top: 0px; border-right: 0px; background-image: none; border-bottom: 0px; float: none; padding-top: 0px; padding-left: 0px; margin-left: auto; border-left: 0px; display: block; padding-right: 0px; margin-right: auto\" border=\"0\" alt=\"18528065_826411530859213_5042559711498982886_n\" src=\"http:\/\/www.saloanoticias.com\/v1\/wp-content\/uploads\/imagens\/18528065_826411530859213_5042559711498982886_n_thumb_091b5cfe51b7b45092b6608896a638e6.jpg\" width=\"1506\" height=\"1129\"><\/a> <\/p>\n<p align=\"justify\"><font size=\"3\" face=\"Arial\">Desde j\u00e1 queremos parabenizar toda equipe do Vicentinho, desde sua gestora at\u00e9 a equipe de limpeza pelo bel\u00edssimo trabalho que vem sendo realizado na referida escola, trabalho que j\u00e1 vem sendo reconhecido em toda regi\u00e3o, inclusive algumas cidades j\u00e1 est\u00e3o tomando a mesma iniciativa em suas redes educacionais. <\/font><font size=\"3\" face=\"Arial\">As m\u00e3es que ali estavam felizes da vida pelo belo espa\u00e7o para aprendizado de seus filho e dedica\u00e7\u00e3o de toda equipe parabenizam o prefeito Ricardo Alves pela iniciativa.<\/font> <\/p>\n<p><a href=\"http:\/\/www.saloanoticias.com\/images\/img-20170518-wa0011.jpg\"><img loading=\"lazy\" decoding=\"async\" title=\"IMG-20170518-WA0011\" style=\"border-top: 0px; border-right: 0px; background-image: none; border-bottom: 0px; float: none; padding-top: 0px; padding-left: 0px; margin-left: auto; border-left: 0px; display: block; padding-right: 0px; margin-right: auto\" border=\"0\" alt=\"IMG-20170518-WA0011\" src=\"http:\/\/www.saloanoticias.com\/v1\/wp-content\/uploads\/imagens\/img-20170518-wa0011_thumb.jpg\" width=\"1503\" height=\"934\"><\/a><\/p>\n<div style=\"margin-top: 0px; margin-bottom: 0px;\" class=\"sharethis-inline-share-buttons\" ><\/div>","protected":false},"excerpt":{"rendered":"<p>No seu primeiro ano de exist\u00eancia, criado agora na segunda gest\u00e3o do prefeito Ricardo Alves (PMDB), o Vicentinho que \u00e9 uma escola anexa da escola Municipal S\u00e3o Vicente, que atende crian\u00e7as entre 6 e 7 anos que cursam o primeiro ano do ensino fundamental I, comemorou o seu primeiro dia das m\u00e3es em grande estilo. [&hellip;]<\/p>\n","protected":false},"author":1,"featured_media":0,"comment_status":"open","ping_status":"open","sticky":false,"template":"","format":"standard","meta":{"footnotes":""},"categories":[2],"tags":[],"class_list":["post-3385","post","type-post","status-publish","format-standard","hentry","category-noticias-do-dia"],"_links":{"self":[{"href":"https:\/\/www.saloanoticias.com\/v1\/wp-json\/wp\/v2\/posts\/3385","targetHints":{"allow":["GET"]}}],"collection":[{"href":"https:\/\/www.saloanoticias.com\/v1\/wp-json\/wp\/v2\/posts"}],"about":[{"href":"https:\/\/www.saloanoticias.com\/v1\/wp-json\/wp\/v2\/types\/post"}],"author":[{"embeddable":true,"href":"https:\/\/www.saloanoticias.com\/v1\/wp-json\/wp\/v2\/users\/1"}],"replies":[{"embeddable":true,"href":"https:\/\/www.saloanoticias.com\/v1\/wp-json\/wp\/v2\/comments?post=3385"}],"version-history":[{"count":0,"href":"https:\/\/www.saloanoticias.com\/v1\/wp-json\/wp\/v2\/posts\/3385\/revisions"}],"wp:attachment":[{"href":"https:\/\/www.saloanoticias.com\/v1\/wp-json\/wp\/v2\/media?parent=3385"}],"wp:term":[{"taxonomy":"category","embeddable":true,"href":"https:\/\/www.saloanoticias.com\/v1\/wp-json\/wp\/v2\/categories?post=3385"},{"taxonomy":"post_tag","embeddable":true,"href":"https:\/\/www.saloanoticias.com\/v1\/wp-json\/wp\/v2\/tags?post=3385"}],"curies":[{"name":"wp","href":"https:\/\/api.w.org\/{rel}","templated":true}]}}