{"id":3384,"date":"2017-05-20T03:30:00","date_gmt":"2017-05-20T03:30:00","guid":{"rendered":"https:\/\/saloanoticias.mrmediaweb.com\/v1\/2017\/05\/20\/secretaria-de-educacao-de-saloa-incentiva-professores-a-participar-da-bienal-do-livre-de-garanhuns\/"},"modified":"2017-05-20T03:30:00","modified_gmt":"2017-05-20T03:30:00","slug":"secretaria-de-educacao-de-saloa-incentiva-professores-a-participar-da-bienal-do-livre-de-garanhuns","status":"publish","type":"post","link":"https:\/\/www.saloanoticias.com\/v1\/secretaria-de-educacao-de-saloa-incentiva-professores-a-participar-da-bienal-do-livre-de-garanhuns\/","title":{"rendered":"SEC. DE EDUCA\u00c7\u00c3O DE SALO\u00c1\/PE INCENTIVA PROFESSORES A PARTICIPAR DA BIENAL DO LIVRO DO AGRESTE"},"content":{"rendered":"<p align=\"justify\"><font size=\"3\" face=\"Arial\"><a href=\"http:\/\/www.saloanoticias.com\/images\/deangelles-2_ba9c918d98b6174ffb8fbf3ecf574515.jpg\"><img loading=\"lazy\" decoding=\"async\" title=\"Deangelles (2)\" style=\"border-left-width: 0px; border-right-width: 0px; background-image: none; border-bottom-width: 0px; float: none; padding-top: 0px; padding-left: 0px; margin: 5px auto 10px; display: block; padding-right: 0px; border-top-width: 0px\" border=\"0\" alt=\"Deangelles (2)\" src=\"http:\/\/www.saloanoticias.com\/v1\/wp-content\/uploads\/imagens\/deangelles-2_thumb_ecde5027dcf95cd5a771102fb861b9db.jpg\" width=\"1515\" height=\"1005\"><\/a>A Prefeitura de Salo\u00e1\/PE e Secretaria de Educa\u00e7\u00e3o concedem incentivo de aperfei\u00e7oamento aos professores efetivos da rede municipal que comparecerem a III Bienal do Livro do Agreste. <\/font><font size=\"3\" face=\"Arial\">A III Bienal do livro do Agreste acontece entre os dias 17 e 21 de maio na Pra\u00e7a Mestre Dominguinhos, em Garanhuns. <\/font><font size=\"3\" face=\"Arial\">Os professores efetivos da rede municipal que comparecerem a Bienal neste s\u00e1bado (20) dever\u00e3o localizar o estande da Andelivros e comunicar que faz parte do quadro efetivo do munic\u00edpio de Salo\u00e1 e receber\u00e1 um voucher no valor de R$50,00 para aquisi\u00e7\u00e3o de livros.<\/font>  <\/p>\n<p align=\"justify\"><a href=\"http:\/\/www.saloanoticias.com\/images\/18528065_826411530859213_5042559711498982886_n_b71eaf47c4c5355bda89403c654ed034.jpg\"><img loading=\"lazy\" decoding=\"async\" title=\"18528065_826411530859213_5042559711498982886_n\" style=\"border-left-width: 0px; border-right-width: 0px; background-image: none; border-bottom-width: 0px; float: none; padding-top: 0px; padding-left: 0px; margin-left: auto; display: block; padding-right: 0px; border-top-width: 0px; margin-right: auto\" border=\"0\" alt=\"18528065_826411530859213_5042559711498982886_n\" src=\"http:\/\/www.saloanoticias.com\/v1\/wp-content\/uploads\/imagens\/18528065_826411530859213_5042559711498982886_n_thumb_943f20047e0fb920962d285e2993ab0a.jpg\" width=\"1521\" height=\"850\"><\/a>  <\/p>\n<p align=\"justify\"><font size=\"3\" face=\"Arial\">Ser\u00e1 disponibilizado aos professores um \u00f4nibus para lev\u00e1-los \u00e0 Bienal que sair\u00e1 da pra\u00e7a S\u00e3o Vicente \u00e0s 9h com retorno previsto a Salo\u00e1 \u00e0s 12h. <\/font><font size=\"3\" face=\"Arial\">Este \u00e9 mais um ato do governo municipal que confirma o compromisso com a educa\u00e7\u00e3o, proporcionando, aos professores, o incentivo \u00e0 leitura para deleite, bem como para aperfei\u00e7oamento de sua pr\u00e1tica pedag\u00f3gica.<\/font><\/p>\n<div style=\"margin-top: 0px; margin-bottom: 0px;\" class=\"sharethis-inline-share-buttons\" ><\/div>","protected":false},"excerpt":{"rendered":"<p>A Prefeitura de Salo\u00e1\/PE e Secretaria de Educa\u00e7\u00e3o concedem incentivo de aperfei\u00e7oamento aos professores efetivos da rede municipal que comparecerem a III Bienal do Livro do Agreste. A III Bienal do livro do Agreste acontece entre os dias 17 e 21 de maio na Pra\u00e7a Mestre Dominguinhos, em Garanhuns. Os professores efetivos da rede municipal [&hellip;]<\/p>\n","protected":false},"author":1,"featured_media":0,"comment_status":"open","ping_status":"open","sticky":false,"template":"","format":"standard","meta":{"footnotes":""},"categories":[2],"tags":[],"class_list":["post-3384","post","type-post","status-publish","format-standard","hentry","category-noticias-do-dia"],"_links":{"self":[{"href":"https:\/\/www.saloanoticias.com\/v1\/wp-json\/wp\/v2\/posts\/3384","targetHints":{"allow":["GET"]}}],"collection":[{"href":"https:\/\/www.saloanoticias.com\/v1\/wp-json\/wp\/v2\/posts"}],"about":[{"href":"https:\/\/www.saloanoticias.com\/v1\/wp-json\/wp\/v2\/types\/post"}],"author":[{"embeddable":true,"href":"https:\/\/www.saloanoticias.com\/v1\/wp-json\/wp\/v2\/users\/1"}],"replies":[{"embeddable":true,"href":"https:\/\/www.saloanoticias.com\/v1\/wp-json\/wp\/v2\/comments?post=3384"}],"version-history":[{"count":0,"href":"https:\/\/www.saloanoticias.com\/v1\/wp-json\/wp\/v2\/posts\/3384\/revisions"}],"wp:attachment":[{"href":"https:\/\/www.saloanoticias.com\/v1\/wp-json\/wp\/v2\/media?parent=3384"}],"wp:term":[{"taxonomy":"category","embeddable":true,"href":"https:\/\/www.saloanoticias.com\/v1\/wp-json\/wp\/v2\/categories?post=3384"},{"taxonomy":"post_tag","embeddable":true,"href":"https:\/\/www.saloanoticias.com\/v1\/wp-json\/wp\/v2\/tags?post=3384"}],"curies":[{"name":"wp","href":"https:\/\/api.w.org\/{rel}","templated":true}]}}