{"id":3383,"date":"2017-05-19T16:50:00","date_gmt":"2017-05-19T16:50:00","guid":{"rendered":"https:\/\/saloanoticias.mrmediaweb.com\/v1\/2017\/05\/19\/coordenadoria-da-mulher-de-saloa-participa-da-2-conferencia-estadual-de-saude-das-mulheres\/"},"modified":"2017-05-19T16:50:00","modified_gmt":"2017-05-19T16:50:00","slug":"coordenadoria-da-mulher-de-saloa-participa-da-2-conferencia-estadual-de-saude-das-mulheres","status":"publish","type":"post","link":"https:\/\/www.saloanoticias.com\/v1\/coordenadoria-da-mulher-de-saloa-participa-da-2-conferencia-estadual-de-saude-das-mulheres\/","title":{"rendered":"COORDENADORIA DA MULHER DE SALO\u00c1\/PE PARTICIPOU DA 2\u00aa CONFER\u00caNCIA ESTADUAL DE SA\u00daDE DAS MULHERES EM CARUARU"},"content":{"rendered":"<p align=\"justify\"><font size=\"3\" face=\"Arial\"><a href=\"http:\/\/www.saloanoticias.com\/images\/18485886_826411467525886_5245340394193716401_n.jpg\"><img loading=\"lazy\" decoding=\"async\" title=\"18485886_826411467525886_5245340394193716401_n\" style=\"border-top: 0px; border-right: 0px; background-image: none; border-bottom: 0px; float: none; padding-top: 0px; padding-left: 0px; margin: 0px auto 10px; border-left: 0px; display: block; padding-right: 0px\" border=\"0\" alt=\"18485886_826411467525886_5245340394193716401_n\" src=\"http:\/\/www.saloanoticias.com\/v1\/wp-content\/uploads\/imagens\/18485886_826411467525886_5245340394193716401_n_thumb.jpg\" width=\"1514\" height=\"1155\"><\/a>A Coordenadoria da mulher em Salo\u00e1\/PE em parceria com a Secretaria de Sa\u00fade do munic\u00edpio, se fez presente na 3\u00aa etapa macrorregional? da \u201c2\u00aa Confer\u00eancia Estadual de Sa\u00fade das Mulheres\u201d com o tema: &#8220;Implementa\u00e7\u00e3o da Pol\u00edtica Estadual de Sa\u00fade Integral das Mulheres Pernambucanas: Nenhum Direito a Menos&#8221;. As coordenadorias tiveram espa\u00e7o pol\u00edtico para debates de ideias de enraizamento de valores e pr\u00e1ticas para o desenvolvimento e crescimento da for\u00e7a das mulheres.<\/font><\/p>\n<p><a href=\"http:\/\/www.saloanoticias.com\/images\/18485755_826411660859200_4246063809957858513_n.jpg\"><img loading=\"lazy\" decoding=\"async\" title=\"18485755_826411660859200_4246063809957858513_n\" style=\"border-top: 0px; border-right: 0px; background-image: none; border-bottom: 0px; float: none; padding-top: 0px; padding-left: 0px; margin-left: auto; border-left: 0px; display: block; padding-right: 0px; margin-right: auto\" border=\"0\" alt=\"18485755_826411660859200_4246063809957858513_n\" src=\"http:\/\/www.saloanoticias.com\/v1\/wp-content\/uploads\/imagens\/18485755_826411660859200_4246063809957858513_n_thumb.jpg\" width=\"1506\" height=\"948\"><\/a><\/p>\n<p align=\"justify\"><font size=\"3\" face=\"Arial\">Neste evento a coordenadora da secretaria da mulher em Salo\u00e1, Libanea Ara\u00fajo, fez propostas e garantiu vota\u00e7\u00e3o para a garantia da aten\u00e7\u00e3o integral \u00e0 sa\u00fade das mulheres, sem qualquer forma de preconceito e discrimina\u00e7\u00e3o. Foram eleitas delegadas representando seus munic\u00edpios e que votar\u00e3o nas propostas nos dias 14 \u00e0 16 de Junho na cidade de Olinda\/PE, que ser\u00e3o encaminhadas para Bras\u00edlia, para melhoria do Plano Nacional de Sa\u00fade e a garantia do SUS 100% p\u00fablico e universal, patrim\u00f4nio do povo brasileiro.<\/font><\/p>\n<div style=\"margin-top: 0px; margin-bottom: 0px;\" class=\"sharethis-inline-share-buttons\" ><\/div>","protected":false},"excerpt":{"rendered":"<p>A Coordenadoria da mulher em Salo\u00e1\/PE em parceria com a Secretaria de Sa\u00fade do munic\u00edpio, se fez presente na 3\u00aa etapa macrorregional? da \u201c2\u00aa Confer\u00eancia Estadual de Sa\u00fade das Mulheres\u201d com o tema: &#8220;Implementa\u00e7\u00e3o da Pol\u00edtica Estadual de Sa\u00fade Integral das Mulheres Pernambucanas: Nenhum Direito a Menos&#8221;. As coordenadorias tiveram espa\u00e7o pol\u00edtico para debates de [&hellip;]<\/p>\n","protected":false},"author":1,"featured_media":0,"comment_status":"open","ping_status":"open","sticky":false,"template":"","format":"standard","meta":{"footnotes":""},"categories":[2],"tags":[],"class_list":["post-3383","post","type-post","status-publish","format-standard","hentry","category-noticias-do-dia"],"_links":{"self":[{"href":"https:\/\/www.saloanoticias.com\/v1\/wp-json\/wp\/v2\/posts\/3383","targetHints":{"allow":["GET"]}}],"collection":[{"href":"https:\/\/www.saloanoticias.com\/v1\/wp-json\/wp\/v2\/posts"}],"about":[{"href":"https:\/\/www.saloanoticias.com\/v1\/wp-json\/wp\/v2\/types\/post"}],"author":[{"embeddable":true,"href":"https:\/\/www.saloanoticias.com\/v1\/wp-json\/wp\/v2\/users\/1"}],"replies":[{"embeddable":true,"href":"https:\/\/www.saloanoticias.com\/v1\/wp-json\/wp\/v2\/comments?post=3383"}],"version-history":[{"count":0,"href":"https:\/\/www.saloanoticias.com\/v1\/wp-json\/wp\/v2\/posts\/3383\/revisions"}],"wp:attachment":[{"href":"https:\/\/www.saloanoticias.com\/v1\/wp-json\/wp\/v2\/media?parent=3383"}],"wp:term":[{"taxonomy":"category","embeddable":true,"href":"https:\/\/www.saloanoticias.com\/v1\/wp-json\/wp\/v2\/categories?post=3383"},{"taxonomy":"post_tag","embeddable":true,"href":"https:\/\/www.saloanoticias.com\/v1\/wp-json\/wp\/v2\/tags?post=3383"}],"curies":[{"name":"wp","href":"https:\/\/api.w.org\/{rel}","templated":true}]}}