{"id":3382,"date":"2017-05-19T02:00:00","date_gmt":"2017-05-19T02:00:00","guid":{"rendered":"https:\/\/saloanoticias.mrmediaweb.com\/v1\/2017\/05\/19\/caps-de-saloa-comemora-o-dia-nacional-antimanicomial\/"},"modified":"2017-05-19T02:00:00","modified_gmt":"2017-05-19T02:00:00","slug":"caps-de-saloa-comemora-o-dia-nacional-antimanicomial","status":"publish","type":"post","link":"https:\/\/www.saloanoticias.com\/v1\/caps-de-saloa-comemora-o-dia-nacional-antimanicomial\/","title":{"rendered":"CAPS DE SALO\u00c1 COMEMORA DIA NACIONAL ANTIMANICOMIAL COM SEUS USU\u00c1RIOS"},"content":{"rendered":"<p align=\"justify\"><font size=\"3\" face=\"Arial\"><a href=\"http:\/\/www.saloanoticias.com\/images\/caps.gif\"><img loading=\"lazy\" decoding=\"async\" title=\"caps\" style=\"border-top: 0px; border-right: 0px; background-image: none; border-bottom: 0px; float: none; padding-top: 0px; padding-left: 0px; margin: 0px auto 10px; border-left: 0px; display: block; padding-right: 0px\" border=\"0\" alt=\"caps\" src=\"http:\/\/www.saloanoticias.com\/v1\/wp-content\/uploads\/imagens\/caps_thumb.gif\" width=\"1462\" height=\"938\"><\/a>No dia 18 de maio, comemora-se o Dia Nacional de Luta Antimanicomial e o CAPS de Salo\u00e1 fez quest\u00e3o de festejar esta data com seus usu\u00e1rios. H\u00e1 30 anos, em Bauru, ousaram levantar a voz, fazer existir esse dia, reafirmar a necessidade radical de revolucionar a extin\u00e7\u00e3o dos manic\u00f4mios. O CAPS de Salo\u00e1\/PE <\/font><font size=\"3\" face=\"Arial\">n\u00e3o est\u00e1 ausente da luta, e como parte das atividades realizadas nesta semana, os usu\u00e1rios tiveram um dia de acolhimento especial, os pacientes viram a exibi\u00e7\u00e3o do filme &#8220;NISE &#8211; O CORA\u00c7\u00c3O DA LOUCURA&#8221; e a realiza\u00e7\u00e3o de exerc\u00edcios f\u00edsicos, atividades recreativas com a coordena\u00e7\u00e3o da professora Melissa Correia, mostrando que todos merecem a t\u00e3o falada inclus\u00e3o social, respeito e liberdade. <\/font><a href=\"https:\/\/www.facebook.com\/hashtag\/loucura?source=feed_text&amp;story_id=826527724180927\"><font size=\"3\" face=\"Arial\">#LOUCURA<\/font><\/a><font size=\"3\" face=\"Arial\"> N\u00c3O SE PRENDE <\/font><a href=\"https:\/\/www.facebook.com\/hashtag\/sa%C3%BAde?source=feed_text&amp;story_id=826527724180927\"><font size=\"3\" face=\"Arial\">#SA\u00daDE<\/font><\/a><font size=\"3\" face=\"Arial\"> N\u00c3O SE VENDE&#8230; <font size=\"2\"><strong>(Texto de Madelaine Del Rocio) Fotos: CAPS de Salo\u00e1\/PE<\/strong><\/font><\/font><\/p>\n<div style=\"margin-top: 0px; margin-bottom: 0px;\" class=\"sharethis-inline-share-buttons\" ><\/div>","protected":false},"excerpt":{"rendered":"<p>No dia 18 de maio, comemora-se o Dia Nacional de Luta Antimanicomial e o CAPS de Salo\u00e1 fez quest\u00e3o de festejar esta data com seus usu\u00e1rios. H\u00e1 30 anos, em Bauru, ousaram levantar a voz, fazer existir esse dia, reafirmar a necessidade radical de revolucionar a extin\u00e7\u00e3o dos manic\u00f4mios. O CAPS de Salo\u00e1\/PE n\u00e3o est\u00e1 [&hellip;]<\/p>\n","protected":false},"author":1,"featured_media":0,"comment_status":"open","ping_status":"open","sticky":false,"template":"","format":"standard","meta":{"footnotes":""},"categories":[2],"tags":[],"class_list":["post-3382","post","type-post","status-publish","format-standard","hentry","category-noticias-do-dia"],"_links":{"self":[{"href":"https:\/\/www.saloanoticias.com\/v1\/wp-json\/wp\/v2\/posts\/3382","targetHints":{"allow":["GET"]}}],"collection":[{"href":"https:\/\/www.saloanoticias.com\/v1\/wp-json\/wp\/v2\/posts"}],"about":[{"href":"https:\/\/www.saloanoticias.com\/v1\/wp-json\/wp\/v2\/types\/post"}],"author":[{"embeddable":true,"href":"https:\/\/www.saloanoticias.com\/v1\/wp-json\/wp\/v2\/users\/1"}],"replies":[{"embeddable":true,"href":"https:\/\/www.saloanoticias.com\/v1\/wp-json\/wp\/v2\/comments?post=3382"}],"version-history":[{"count":0,"href":"https:\/\/www.saloanoticias.com\/v1\/wp-json\/wp\/v2\/posts\/3382\/revisions"}],"wp:attachment":[{"href":"https:\/\/www.saloanoticias.com\/v1\/wp-json\/wp\/v2\/media?parent=3382"}],"wp:term":[{"taxonomy":"category","embeddable":true,"href":"https:\/\/www.saloanoticias.com\/v1\/wp-json\/wp\/v2\/categories?post=3382"},{"taxonomy":"post_tag","embeddable":true,"href":"https:\/\/www.saloanoticias.com\/v1\/wp-json\/wp\/v2\/tags?post=3382"}],"curies":[{"name":"wp","href":"https:\/\/api.w.org\/{rel}","templated":true}]}}