{"id":3381,"date":"2017-05-18T20:07:00","date_gmt":"2017-05-18T20:07:00","guid":{"rendered":"https:\/\/saloanoticias.mrmediaweb.com\/v1\/2017\/05\/18\/uma-multidao-se-despede-de-eraldo-teles\/"},"modified":"2017-05-18T20:07:00","modified_gmt":"2017-05-18T20:07:00","slug":"uma-multidao-se-despede-de-eraldo-teles","status":"publish","type":"post","link":"https:\/\/www.saloanoticias.com\/v1\/uma-multidao-se-despede-de-eraldo-teles\/","title":{"rendered":"UMA GRANDE MULTID\u00c3O FOI SE DESPEDIR DE ERALDO TELES DE SOUZA"},"content":{"rendered":"<p align=\"justify\"><font size=\"3\" face=\"Arial\"><a href=\"http:\/\/www.saloanoticias.com\/images\/eraldo-teles.gif\"><img loading=\"lazy\" decoding=\"async\" title=\"eraldo teles\" style=\"border-top: 0px; border-right: 0px; background-image: none; border-bottom: 0px; float: none; padding-top: 0px; padding-left: 0px; margin: 0px auto 10px; border-left: 0px; display: block; padding-right: 0px\" border=\"0\" alt=\"eraldo teles\" src=\"http:\/\/www.saloanoticias.com\/v1\/wp-content\/uploads\/imagens\/eraldo-teles_thumb.gif\" width=\"1497\" height=\"873\"><\/a>A popula\u00e7\u00e3o de Salo\u00e1 e regi\u00e3o se despediu na tarde desta quarta-feira (17) do vaqueiro Eraldo Teles de Souza, o popular Eraldo Teles, 64 anos, que morreu na segunda-feira (15) em um acidente em uma rodovia paraense. Ele retornava da cidade onde foi fazer a compra do farelo de seus animais, quando foi arremessado para longe depois de bater em um caminh\u00e3o ca\u00e7amba. N\u00e3o se sabe muitos detalhes sobre este acidente, mas sabe-se que ele morreu na hora<\/font><font size=\"3\" face=\"Arial\">.<\/font> <\/p>\n<p align=\"justify\"><font size=\"3\" face=\"Arial\">Abalados, familiares n\u00e3o quiseram conversar muito sofre o acidente. Em homenagem a Eraldo Teles, que era muito respeitado e querido no meio da vaqueirama de toda a regi\u00e3o, os vaqueiros e amigos fizeram v\u00e1rias homenagens com cantigas e aboios na quadra da escola S\u00e3o Vicente e tamb\u00e9m pelas ruas da pequena Salo\u00e1.O <\/font><font size=\"3\" face=\"Arial\">prefeito Ricardo Alves estava viajando mas fez quest\u00e3o de retornar ao munic\u00edpio para acompanhar o enterro do parente. <\/font><font size=\"3\" face=\"Arial\">O corpo de Teles foi velado na quadra da escola S\u00e3o Vicente e reuniu centenas de pessoas e sepultado no cemit\u00e9rio de Salo\u00e1. <strong><font size=\"2\">Fotos: Jr. Gracindo<\/font><\/strong><\/font><\/p>\n<div style=\"margin-top: 0px; margin-bottom: 0px;\" class=\"sharethis-inline-share-buttons\" ><\/div>","protected":false},"excerpt":{"rendered":"<p>A popula\u00e7\u00e3o de Salo\u00e1 e regi\u00e3o se despediu na tarde desta quarta-feira (17) do vaqueiro Eraldo Teles de Souza, o popular Eraldo Teles, 64 anos, que morreu na segunda-feira (15) em um acidente em uma rodovia paraense. Ele retornava da cidade onde foi fazer a compra do farelo de seus animais, quando foi arremessado para [&hellip;]<\/p>\n","protected":false},"author":1,"featured_media":0,"comment_status":"open","ping_status":"open","sticky":false,"template":"","format":"standard","meta":{"footnotes":""},"categories":[2],"tags":[],"class_list":["post-3381","post","type-post","status-publish","format-standard","hentry","category-noticias-do-dia"],"_links":{"self":[{"href":"https:\/\/www.saloanoticias.com\/v1\/wp-json\/wp\/v2\/posts\/3381","targetHints":{"allow":["GET"]}}],"collection":[{"href":"https:\/\/www.saloanoticias.com\/v1\/wp-json\/wp\/v2\/posts"}],"about":[{"href":"https:\/\/www.saloanoticias.com\/v1\/wp-json\/wp\/v2\/types\/post"}],"author":[{"embeddable":true,"href":"https:\/\/www.saloanoticias.com\/v1\/wp-json\/wp\/v2\/users\/1"}],"replies":[{"embeddable":true,"href":"https:\/\/www.saloanoticias.com\/v1\/wp-json\/wp\/v2\/comments?post=3381"}],"version-history":[{"count":0,"href":"https:\/\/www.saloanoticias.com\/v1\/wp-json\/wp\/v2\/posts\/3381\/revisions"}],"wp:attachment":[{"href":"https:\/\/www.saloanoticias.com\/v1\/wp-json\/wp\/v2\/media?parent=3381"}],"wp:term":[{"taxonomy":"category","embeddable":true,"href":"https:\/\/www.saloanoticias.com\/v1\/wp-json\/wp\/v2\/categories?post=3381"},{"taxonomy":"post_tag","embeddable":true,"href":"https:\/\/www.saloanoticias.com\/v1\/wp-json\/wp\/v2\/tags?post=3381"}],"curies":[{"name":"wp","href":"https:\/\/api.w.org\/{rel}","templated":true}]}}