{"id":3379,"date":"2017-05-17T12:00:00","date_gmt":"2017-05-17T12:00:00","guid":{"rendered":"https:\/\/saloanoticias.mrmediaweb.com\/v1\/2017\/05\/17\/o-que-armando-monteiro-trouxe-para-o-agreste\/"},"modified":"2017-05-17T12:00:00","modified_gmt":"2017-05-17T12:00:00","slug":"o-que-armando-monteiro-trouxe-para-o-agreste","status":"publish","type":"post","link":"https:\/\/www.saloanoticias.com\/v1\/o-que-armando-monteiro-trouxe-para-o-agreste\/","title":{"rendered":"O QUE ARMANDO MONTEIRO TROUXE PARA O AGRESTE MERIDIONAL ?"},"content":{"rendered":"<p align=\"justify\"><font size=\"3\" face=\"Arial\"><a href=\"http:\/\/www.saloanoticias.com\/images\/izaias-e-armando.jpg\"><img loading=\"lazy\" decoding=\"async\" title=\"izaias e armando\" style=\"border-top: 0px; border-right: 0px; background-image: none; border-bottom: 0px; float: none; padding-top: 0px; padding-left: 0px; margin: 0px auto 10px; border-left: 0px; display: block; padding-right: 0px\" border=\"0\" alt=\"izaias e armando\" src=\"http:\/\/www.saloanoticias.com\/v1\/wp-content\/uploads\/imagens\/izaias-e-armando_thumb.jpg\" width=\"1490\" height=\"987\"><\/a>Esta pergunta que d\u00e1 t\u00edtulo ao post est\u00e1 sempre em rodas de conversas pol\u00edticas na regi\u00e3o, principalmente quando se aproximam novas elei\u00e7\u00f5es. O senador Armando Monteiro foi presidente da CNI (Confedera\u00e7\u00e3o Nacional das Ind\u00fastrias), deputado federal, Ministro do Desenvolvimento, Ind\u00fastria e Com\u00e9rcio Exterior, est\u00e1 na reta final de seu mandato de oito anos de senador, mas de fato, o que Armando Monteiro trouxe para o Agreste Meridional ?<\/font><\/p>\n<p align=\"justify\"><font size=\"3\" face=\"Arial\">O que pode ser apontado como marca de seus quase 20 anos de expressiva vota\u00e7\u00e3o nesta regi\u00e3o, principalmente Garanhuns, sendo sempre o mais votado. Venceu at\u00e9 a elei\u00e7\u00e3o para governador, apertado, mas venceu. H\u00e1 quase duas d\u00e9cadas, Armando \u00e9 o parlamentar majorit\u00e1rio por estas bandas. Seus advers\u00e1rios, a cada elei\u00e7\u00e3o, afirmam que ele n\u00e3o gerou empregos na cidade e n\u00e3o trouxe nem uma f\u00e1brica de pipoca. <\/font><font size=\"3\" face=\"Arial\">A quest\u00e3o acima voltou aos meios de comunica\u00e7\u00e3o na entrevista que Sivaldo Albino, gerente da Casa Civil de Pernambuco, concedeu ao programa Manh\u00e3 Total, com Marcos Cardoso, na \u00faltima sexta-feira (12).<\/font><\/p>\n<p align=\"justify\"><font size=\"3\" face=\"Arial\">Segundo o ex-vereador, Armando Monteiro tem em Garanhuns o seu mais fiel aliado no estado, o prefeito Iza\u00edas R\u00e9gis (PTB), que j\u00e1 afirmou que n\u00e3o ter\u00e1 condi\u00e7\u00f5es de colocar para funcionar a Upa24h, que est\u00e1 praticamente conclu\u00edda, com recursos federais. Marcos Cardoso lembrou que esta semana, a assessoria do senador enviou nota aos meios de comunica\u00e7\u00e3o informando que Armando intermediou junto ao governo federal e a prefeita de Caruaru, Raquel Lyra, a constru\u00e7\u00e3o de uma maternidade. Mas, e Garanhuns ?<\/font> <\/p>\n<p align=\"justify\"><font size=\"3\" face=\"Arial\">Sivaldo questionou porque Armando n\u00e3o impediu que Iza\u00edas fechasse o Hospital Municipal, que ali\u00e1s, funcionava como maternidade, mesmo objeto da atua\u00e7\u00e3o do senador em Caruaru. Ou porque n\u00e3o consegue recursos para abrir a Upa24h, que poderia estar atendendo a popula\u00e7\u00e3o e desafogando o Hospital Dom Moura. <\/font><font size=\"3\" face=\"Arial\">Em recente encontro com correligion\u00e1rios, em Garanhuns, Armando reconheceu a d\u00edvida com Garanhuns e o agreste. Mas fica a pergunta: O QUE ARMANDO MONTEIRO FEZ PELO AGRESTE MERIDONAL ? <strong><font size=\"2\">Texto adaptado do Blog do Ronaldo Cesar de Garanhuns<\/font><\/strong><\/font><\/p>\n<div style=\"margin-top: 0px; margin-bottom: 0px;\" class=\"sharethis-inline-share-buttons\" ><\/div>","protected":false},"excerpt":{"rendered":"<p>Esta pergunta que d\u00e1 t\u00edtulo ao post est\u00e1 sempre em rodas de conversas pol\u00edticas na regi\u00e3o, principalmente quando se aproximam novas elei\u00e7\u00f5es. O senador Armando Monteiro foi presidente da CNI (Confedera\u00e7\u00e3o Nacional das Ind\u00fastrias), deputado federal, Ministro do Desenvolvimento, Ind\u00fastria e Com\u00e9rcio Exterior, est\u00e1 na reta final de seu mandato de oito anos de senador, [&hellip;]<\/p>\n","protected":false},"author":1,"featured_media":0,"comment_status":"open","ping_status":"open","sticky":false,"template":"","format":"standard","meta":{"footnotes":""},"categories":[2],"tags":[],"class_list":["post-3379","post","type-post","status-publish","format-standard","hentry","category-noticias-do-dia"],"_links":{"self":[{"href":"https:\/\/www.saloanoticias.com\/v1\/wp-json\/wp\/v2\/posts\/3379","targetHints":{"allow":["GET"]}}],"collection":[{"href":"https:\/\/www.saloanoticias.com\/v1\/wp-json\/wp\/v2\/posts"}],"about":[{"href":"https:\/\/www.saloanoticias.com\/v1\/wp-json\/wp\/v2\/types\/post"}],"author":[{"embeddable":true,"href":"https:\/\/www.saloanoticias.com\/v1\/wp-json\/wp\/v2\/users\/1"}],"replies":[{"embeddable":true,"href":"https:\/\/www.saloanoticias.com\/v1\/wp-json\/wp\/v2\/comments?post=3379"}],"version-history":[{"count":0,"href":"https:\/\/www.saloanoticias.com\/v1\/wp-json\/wp\/v2\/posts\/3379\/revisions"}],"wp:attachment":[{"href":"https:\/\/www.saloanoticias.com\/v1\/wp-json\/wp\/v2\/media?parent=3379"}],"wp:term":[{"taxonomy":"category","embeddable":true,"href":"https:\/\/www.saloanoticias.com\/v1\/wp-json\/wp\/v2\/categories?post=3379"},{"taxonomy":"post_tag","embeddable":true,"href":"https:\/\/www.saloanoticias.com\/v1\/wp-json\/wp\/v2\/tags?post=3379"}],"curies":[{"name":"wp","href":"https:\/\/api.w.org\/{rel}","templated":true}]}}