{"id":3377,"date":"2017-05-16T16:38:00","date_gmt":"2017-05-16T16:38:00","guid":{"rendered":"https:\/\/saloanoticias.mrmediaweb.com\/v1\/2017\/05\/16\/corpo-de-eraldo-teles-sera-velado-na-quadra-do-sao-vicente-e-sepultado-nesta-quarta-as-15h\/"},"modified":"2017-05-16T16:38:00","modified_gmt":"2017-05-16T16:38:00","slug":"corpo-de-eraldo-teles-sera-velado-na-quadra-do-sao-vicente-e-sepultado-nesta-quarta-as-15h","status":"publish","type":"post","link":"https:\/\/www.saloanoticias.com\/v1\/corpo-de-eraldo-teles-sera-velado-na-quadra-do-sao-vicente-e-sepultado-nesta-quarta-as-15h\/","title":{"rendered":"CORPO DE ERALDO TELES SER\u00c1 VELADO NA QUADRA DO S\u00c3O VICENTE E SEPULTADO \u00c0S 15H DESTA QUARTA-FEIRA (17\/05)"},"content":{"rendered":"<p align=\"justify\"><font size=\"3\" face=\"Arial\"><a href=\"http:\/\/www.saloanoticias.com\/images\/nota-de-falecimento_52aa4bfcf775fc7b27e962efc028bd27.png\"><img loading=\"lazy\" decoding=\"async\" title=\"Nota de Falecimento\" style=\"border-left-width: 0px; border-right-width: 0px; background-image: none; border-bottom-width: 0px; float: left; padding-top: 0px; padding-left: 0px; margin: 5px 5px 0px 0px; display: inline; padding-right: 0px; border-top-width: 0px\" border=\"0\" alt=\"Nota de Falecimento\" src=\"http:\/\/www.saloanoticias.com\/v1\/wp-content\/uploads\/imagens\/nota-de-falecimento_thumb_4da2b08b63a3cbf572a5700c572dba20.png\" width=\"322\" align=\"left\" height=\"201\"><\/a>A vi\u00fava Maria do Socorro, o filho Dinho Teles, os irm\u00e3os, Nelson, Eraldo Garapa, Ricardo, Maria Jos\u00e9, Rom\u00e9ria, Quiterinha, Z\u00e9 Francisco, Abelardo (In Mem\u00f3rian) e Berinho Teles (In Mem\u00f3rian), filhos e demais parentes, comunicam o falecimento de Eraldo Teles de Souza (Eraldo de Z\u00e9 Ricardo), ocorrido na manh\u00e3 desta segunda-feira, dia 15 de maio de 2017, v\u00edtima de um tr\u00e1gico acidente de moto no Estado do Par\u00e1, onde residia. A fam\u00edlia comunica ainda que o corpo j\u00e1 est\u00e1 sendo trazido para Salo\u00e1\/PE e ser\u00e1 velado na quadra do col\u00e9gio S\u00e3o Vicente no centro no come\u00e7o da noite.<\/font>  <\/p>\n<p align=\"justify\"><font size=\"3\" face=\"Arial\">A previs\u00e3o de chegada \u00e9 de por volta das 17h, ou seja, 5 da tarde e ser\u00e1 levado direto para a quadra do S\u00e3o Vicente. Por fim, os familiares comunicam que o sepultamento acontecer\u00e1 amanh\u00e3, quarta-feira (17), \u00e0s 15h, no cemit\u00e9rio de Santa Quit\u00e9ria em Salo\u00e1. <\/font><font size=\"3\" face=\"Arial\">Desde j\u00e1 os parentes e amigos agradecem a todos os que comparecerem a este ato de f\u00e9 e solidariedade crist\u00e3. Eraldo Teles tinha 64 anos e parte para a eternidade deixando a fam\u00edlia e uma legi\u00e3o de amigos.<\/font><\/p>\n<div style=\"margin-top: 0px; margin-bottom: 0px;\" class=\"sharethis-inline-share-buttons\" ><\/div>","protected":false},"excerpt":{"rendered":"<p>A vi\u00fava Maria do Socorro, o filho Dinho Teles, os irm\u00e3os, Nelson, Eraldo Garapa, Ricardo, Maria Jos\u00e9, Rom\u00e9ria, Quiterinha, Z\u00e9 Francisco, Abelardo (In Mem\u00f3rian) e Berinho Teles (In Mem\u00f3rian), filhos e demais parentes, comunicam o falecimento de Eraldo Teles de Souza (Eraldo de Z\u00e9 Ricardo), ocorrido na manh\u00e3 desta segunda-feira, dia 15 de maio de [&hellip;]<\/p>\n","protected":false},"author":1,"featured_media":0,"comment_status":"open","ping_status":"open","sticky":false,"template":"","format":"standard","meta":{"footnotes":""},"categories":[2],"tags":[],"class_list":["post-3377","post","type-post","status-publish","format-standard","hentry","category-noticias-do-dia"],"_links":{"self":[{"href":"https:\/\/www.saloanoticias.com\/v1\/wp-json\/wp\/v2\/posts\/3377","targetHints":{"allow":["GET"]}}],"collection":[{"href":"https:\/\/www.saloanoticias.com\/v1\/wp-json\/wp\/v2\/posts"}],"about":[{"href":"https:\/\/www.saloanoticias.com\/v1\/wp-json\/wp\/v2\/types\/post"}],"author":[{"embeddable":true,"href":"https:\/\/www.saloanoticias.com\/v1\/wp-json\/wp\/v2\/users\/1"}],"replies":[{"embeddable":true,"href":"https:\/\/www.saloanoticias.com\/v1\/wp-json\/wp\/v2\/comments?post=3377"}],"version-history":[{"count":0,"href":"https:\/\/www.saloanoticias.com\/v1\/wp-json\/wp\/v2\/posts\/3377\/revisions"}],"wp:attachment":[{"href":"https:\/\/www.saloanoticias.com\/v1\/wp-json\/wp\/v2\/media?parent=3377"}],"wp:term":[{"taxonomy":"category","embeddable":true,"href":"https:\/\/www.saloanoticias.com\/v1\/wp-json\/wp\/v2\/categories?post=3377"},{"taxonomy":"post_tag","embeddable":true,"href":"https:\/\/www.saloanoticias.com\/v1\/wp-json\/wp\/v2\/tags?post=3377"}],"curies":[{"name":"wp","href":"https:\/\/api.w.org\/{rel}","templated":true}]}}