{"id":3375,"date":"2017-05-15T16:00:00","date_gmt":"2017-05-15T16:00:00","guid":{"rendered":"https:\/\/saloanoticias.mrmediaweb.com\/v1\/2017\/05\/15\/grave-acidente-de-moto-tira-a-vida-de-eraldo-teles\/"},"modified":"2017-05-15T16:00:00","modified_gmt":"2017-05-15T16:00:00","slug":"grave-acidente-de-moto-tira-a-vida-de-eraldo-teles","status":"publish","type":"post","link":"https:\/\/www.saloanoticias.com\/v1\/grave-acidente-de-moto-tira-a-vida-de-eraldo-teles\/","title":{"rendered":"GRAVE ACIDENTE DE MOTO TIRA A VIDA DE ERALDO TELES (ERALDO DE Z\u00c9 RICARDO)"},"content":{"rendered":"<p align=\"justify\"><font size=\"3\" face=\"Arial\"><a href=\"http:\/\/www.saloanoticias.com\/images\/18519897_1898035777148269_7072024879512895996_n_047062cb7d2e9b8eb1d8fb0f49f948dd.jpg\"><img loading=\"lazy\" decoding=\"async\" title=\"18519897_1898035777148269_7072024879512895996_n\" style=\"border-left-width: 0px; border-right-width: 0px; background-image: none; border-bottom-width: 0px; float: left; padding-top: 0px; padding-left: 0px; margin: 5px 5px 0px 0px; display: inline; padding-right: 0px; border-top-width: 0px\" border=\"0\" alt=\"18519897_1898035777148269_7072024879512895996_n\" src=\"http:\/\/www.saloanoticias.com\/v1\/wp-content\/uploads\/imagens\/18519897_1898035777148269_7072024879512895996_n_thumb_6a1537f9e3632d06e67a1f8c33c31d39.jpg\" width=\"300\" align=\"left\" height=\"278\"><\/a>Um grave acidente envolvendo uma moto e um caminh\u00e3o ca\u00e7amba tirou a vida do Sr. Eraldo Teles de Souza, filho do sa\u00fadoso Z\u00e9 Ricardo, de uma fam\u00edlia muito tradicional no munic\u00edpio de Salo\u00e1\/PE. O acidente aconteceu numa pista no munic\u00edpio de Reden\u00e7\u00e3o, interior do Estado do Par\u00e1. Pelas informa\u00e7\u00f5es que foram repassadas ao nosso Blog, Eraldo Teles se descolava de sua resid\u00eancia para uma consulta m\u00e9dica, quando no percurso bateu de frente em uma ca\u00e7amba, vindo a \u00f3bito no local.<\/font><\/p>\n<p align=\"justify\"><font size=\"3\" face=\"Arial\">Eraldo Teles tinha 64 anos e era primo leg\u00edtimo do ex-deputado Manoel Ricardo, era irm\u00e3o de Evaldo Garapa, Ricardo, Maria Jos\u00e9, Rom\u00e9ria, Quiterinha, Z\u00e9 Francisco, Abelardo Teles (In Mem\u00f3rian) e Berinho Teles (In Mem\u00f3rian). Era muito conhecido na regi\u00e3o por ser um vaqueiro e puxador de gado muito conceituado, e tinha milhares de amigos. A fam\u00edlia de Eraldo j\u00e1 est\u00e1 providenciando o transporte do corpo para ser velado e sepultado no munic\u00edpio de Salo\u00e1\/PE. A qualquer momento mais informa\u00e7\u00f5es sobre este triste fato. <strong><font size=\"2\">Foto: Arquivo da fam\u00edlia<\/font><\/strong><\/font><\/p>\n<div style=\"margin-top: 0px; margin-bottom: 0px;\" class=\"sharethis-inline-share-buttons\" ><\/div>","protected":false},"excerpt":{"rendered":"<p>Um grave acidente envolvendo uma moto e um caminh\u00e3o ca\u00e7amba tirou a vida do Sr. Eraldo Teles de Souza, filho do sa\u00fadoso Z\u00e9 Ricardo, de uma fam\u00edlia muito tradicional no munic\u00edpio de Salo\u00e1\/PE. O acidente aconteceu numa pista no munic\u00edpio de Reden\u00e7\u00e3o, interior do Estado do Par\u00e1. Pelas informa\u00e7\u00f5es que foram repassadas ao nosso Blog, [&hellip;]<\/p>\n","protected":false},"author":1,"featured_media":0,"comment_status":"open","ping_status":"open","sticky":false,"template":"","format":"standard","meta":{"footnotes":""},"categories":[2],"tags":[],"class_list":["post-3375","post","type-post","status-publish","format-standard","hentry","category-noticias-do-dia"],"_links":{"self":[{"href":"https:\/\/www.saloanoticias.com\/v1\/wp-json\/wp\/v2\/posts\/3375","targetHints":{"allow":["GET"]}}],"collection":[{"href":"https:\/\/www.saloanoticias.com\/v1\/wp-json\/wp\/v2\/posts"}],"about":[{"href":"https:\/\/www.saloanoticias.com\/v1\/wp-json\/wp\/v2\/types\/post"}],"author":[{"embeddable":true,"href":"https:\/\/www.saloanoticias.com\/v1\/wp-json\/wp\/v2\/users\/1"}],"replies":[{"embeddable":true,"href":"https:\/\/www.saloanoticias.com\/v1\/wp-json\/wp\/v2\/comments?post=3375"}],"version-history":[{"count":0,"href":"https:\/\/www.saloanoticias.com\/v1\/wp-json\/wp\/v2\/posts\/3375\/revisions"}],"wp:attachment":[{"href":"https:\/\/www.saloanoticias.com\/v1\/wp-json\/wp\/v2\/media?parent=3375"}],"wp:term":[{"taxonomy":"category","embeddable":true,"href":"https:\/\/www.saloanoticias.com\/v1\/wp-json\/wp\/v2\/categories?post=3375"},{"taxonomy":"post_tag","embeddable":true,"href":"https:\/\/www.saloanoticias.com\/v1\/wp-json\/wp\/v2\/tags?post=3375"}],"curies":[{"name":"wp","href":"https:\/\/api.w.org\/{rel}","templated":true}]}}