{"id":3374,"date":"2017-05-14T13:50:00","date_gmt":"2017-05-14T13:50:00","guid":{"rendered":"https:\/\/saloanoticias.mrmediaweb.com\/v1\/2017\/05\/14\/temer-vem-a-pernambuco-em-busca-de-reconciliacao-com-camara\/"},"modified":"2017-05-14T13:50:00","modified_gmt":"2017-05-14T13:50:00","slug":"temer-vem-a-pernambuco-em-busca-de-reconciliacao-com-camara","status":"publish","type":"post","link":"https:\/\/www.saloanoticias.com\/v1\/temer-vem-a-pernambuco-em-busca-de-reconciliacao-com-camara\/","title":{"rendered":"TEMER VEM A PERNAMBUCO EM BUSCA DE RECONCILIA\u00c7\u00c3O COM PAULO C\u00c2MARA"},"content":{"rendered":"<p align=\"justify\"><font size=\"3\" face=\"Arial\"><a href=\"http:\/\/www.saloanoticias.com\/images\/18423939_823458981154468_1776067135945452349_n_ac739d193bf02a1074d144c5d935bd77.jpg\"><img loading=\"lazy\" decoding=\"async\" title=\"18423939_823458981154468_1776067135945452349_n\" style=\"border-top: 0px; border-right: 0px; background-image: none; border-bottom: 0px; float: left; padding-top: 0px; padding-left: 0px; margin: 5px 5px 0px 0px; border-left: 0px; display: inline; padding-right: 0px\" border=\"0\" alt=\"18423939_823458981154468_1776067135945452349_n\" src=\"http:\/\/www.saloanoticias.com\/v1\/wp-content\/uploads\/imagens\/18423939_823458981154468_1776067135945452349_n_thumb_f78be61a590210176e5c14b8d4678913.jpg\" width=\"338\" align=\"left\" height=\"200\"><\/a>O governador Paulo C\u00e2mara (PSB), ainda sob o clamor do impeachment da ex-presidente Dilma Rousseff (PT), foi um dos primeiros pol\u00edticos a ser convidado para um almo\u00e7o no Pal\u00e1cio do Jaburu, com Michel Temer (PMDB ), que estava prestes a assumir a Presid\u00eancia da Rep\u00fablica. O encontro apontava para um relacionamento pol\u00edtico mais pr\u00f3ximo, algo que se desfez em quest\u00e3o de dias, quando o PSB decidiu manter um distanciamento t\u00e1tico do governo sem ocupar cargos, e que agravou-se quando Temer anunciou a convoca\u00e7\u00e3o de quatro pernambucanos para o seu minist\u00e9rio: Mendon\u00e7a Filho (DEM) Educa\u00e7\u00e3o; Bruno Ara\u00fajo (PSDB), Cidades; Raul Jungmann (PPS), Defesa; e Fernando Filho (PSB), Minas e Energia.<\/font><\/p>\n<p align=\"justify\"><font size=\"3\" face=\"Arial\">Essa convoca\u00e7\u00e3o sequer foi comunicada ao governo e ao PMDB estadual, partido que havia hipotecado solidariedade ao vice t\u00e3o logo ele come\u00e7ou a ser chamado de \u201cgolpista\u201d. Instalado o novo governo, que est\u00e1 completando um ano, a crise econ\u00f4mico-financeira dominou os debates com a PEC do Teto dos Gastos, cujos embates n\u00e3o chegaram nem perto das diverg\u00eancias provocadas pelas reformas da Previd\u00eancia e trabalhista que hoje colocam em lados opostos o PSB, que fechou quest\u00e3o contra as mudan\u00e7as, e o governo Temer.<\/font> <\/p>\n<p align=\"justify\"><font size=\"3\" face=\"Arial\">Bem, ao chegar em Pernambuco no pr\u00f3xima sexta-feira, para assinar o ato de devolu\u00e7\u00e3o da autonomia do Porto de Suape ao Estado, o presidente, que sabe do alcance pol\u00edtico desse gesto, vai jogar alto para derrubar as barreiras socialistas. A quest\u00e3o de Suape vinha se arrastando desde os tempos de Eduardo, e foi colocada por Paulo no primeiro almo\u00e7o que teve com Temer, j\u00e1 presidente no Pal\u00e1cio do Planalto, acompanhado pelo vice Raul Henry (PMDB). Enfim, Temer est\u00e1 liquidando uma fatura pesada imposta pelo Governo Dilma. E o troco que ele espera dos pernambucanos, por esse ato, deve ser na mesma propor\u00e7\u00e3o. <strong><font size=\"2\">Fonte: Blog do Magno<\/font><\/strong><\/font><\/p>\n<div style=\"margin-top: 0px; margin-bottom: 0px;\" class=\"sharethis-inline-share-buttons\" ><\/div>","protected":false},"excerpt":{"rendered":"<p>O governador Paulo C\u00e2mara (PSB), ainda sob o clamor do impeachment da ex-presidente Dilma Rousseff (PT), foi um dos primeiros pol\u00edticos a ser convidado para um almo\u00e7o no Pal\u00e1cio do Jaburu, com Michel Temer (PMDB ), que estava prestes a assumir a Presid\u00eancia da Rep\u00fablica. O encontro apontava para um relacionamento pol\u00edtico mais pr\u00f3ximo, algo [&hellip;]<\/p>\n","protected":false},"author":1,"featured_media":0,"comment_status":"open","ping_status":"open","sticky":false,"template":"","format":"standard","meta":{"footnotes":""},"categories":[2],"tags":[],"class_list":["post-3374","post","type-post","status-publish","format-standard","hentry","category-noticias-do-dia"],"_links":{"self":[{"href":"https:\/\/www.saloanoticias.com\/v1\/wp-json\/wp\/v2\/posts\/3374","targetHints":{"allow":["GET"]}}],"collection":[{"href":"https:\/\/www.saloanoticias.com\/v1\/wp-json\/wp\/v2\/posts"}],"about":[{"href":"https:\/\/www.saloanoticias.com\/v1\/wp-json\/wp\/v2\/types\/post"}],"author":[{"embeddable":true,"href":"https:\/\/www.saloanoticias.com\/v1\/wp-json\/wp\/v2\/users\/1"}],"replies":[{"embeddable":true,"href":"https:\/\/www.saloanoticias.com\/v1\/wp-json\/wp\/v2\/comments?post=3374"}],"version-history":[{"count":0,"href":"https:\/\/www.saloanoticias.com\/v1\/wp-json\/wp\/v2\/posts\/3374\/revisions"}],"wp:attachment":[{"href":"https:\/\/www.saloanoticias.com\/v1\/wp-json\/wp\/v2\/media?parent=3374"}],"wp:term":[{"taxonomy":"category","embeddable":true,"href":"https:\/\/www.saloanoticias.com\/v1\/wp-json\/wp\/v2\/categories?post=3374"},{"taxonomy":"post_tag","embeddable":true,"href":"https:\/\/www.saloanoticias.com\/v1\/wp-json\/wp\/v2\/tags?post=3374"}],"curies":[{"name":"wp","href":"https:\/\/api.w.org\/{rel}","templated":true}]}}