{"id":3373,"date":"2017-05-14T17:00:00","date_gmt":"2017-05-14T17:00:00","guid":{"rendered":"https:\/\/saloanoticias.mrmediaweb.com\/v1\/2017\/05\/14\/festa-das-mais-bate-recorde-de-publico-em-saloa\/"},"modified":"2017-05-14T17:00:00","modified_gmt":"2017-05-14T17:00:00","slug":"festa-das-mais-bate-recorde-de-publico-em-saloa","status":"publish","type":"post","link":"https:\/\/www.saloanoticias.com\/v1\/festa-das-mais-bate-recorde-de-publico-em-saloa\/","title":{"rendered":"FESTA DAS M\u00c3ES NO MUNIC\u00cdPIO DE SALO\u00c1 BATE RECORDE DE P\u00daBLICO"},"content":{"rendered":"<p align=\"justify\"><font size=\"3\" face=\"Arial\"><a href=\"http:\/\/www.saloanoticias.com\/images\/festa-maes_80d1723071a3d4d90369831948767673.gif\"><img loading=\"lazy\" decoding=\"async\" title=\"festa maes\" style=\"border-top: 0px; border-right: 0px; background-image: none; border-bottom: 0px; float: none; padding-top: 0px; padding-left: 0px; margin: 0px auto 10px; border-left: 0px; display: block; padding-right: 0px\" border=\"0\" alt=\"festa maes\" src=\"http:\/\/www.saloanoticias.com\/v1\/wp-content\/uploads\/imagens\/festa-maes_thumb_25d2b05b6ca211d73d61c10d4fe3637f.gif\" width=\"1479\" height=\"876\"><\/a>Aconteceu na tarde desta sexta-feira, dia 12 de maio de 2017, mais um evento em comemora\u00e7\u00e3o ao dia da m\u00e3es no munic\u00edpio de Salo\u00e1\/PE, festa que aconteceu nas depend\u00eancias da escola municipal S\u00e3o Vicente, que fica no centro da cidade. O evento foi um dos mais bonitos j\u00e1 realizados nestes 5 anos de governo do prefeito Ricardo Alves. Aconteceram v\u00e1rias apresenta\u00e7\u00f5es em homenagem \u00e0s mam\u00e3es, m\u00fasica ao vivo, sorteio de pr\u00eamios e participa\u00e7\u00e3o recorde de M\u00e3es.<\/font> <\/p>\n<p align=\"justify\"><font size=\"3\" face=\"Arial\">Os dois primeiros brindes foram entregues \u00e0s duas m\u00e3es mais idosas presentes na quadra, uma com 94 ano e outra com 95. Os organizadores calculam que estavam no evento mais de 4.000 pessoas, o que mostra que a cada ano que se passa o evento vem crescendo. Estavam presentes o gestor municipal Ricardo Alves, os vereadores Beto da Sa\u00fade, Vilma da Prata, Ronaldinho Birunda, Eduardo e Jamel\u00e3o, os ex-vereadores Barba, Ferreirinha e Izenilda Brand\u00e3o, al\u00e9m v\u00e1rios secret\u00e1rios e diretores.<\/font> <\/p>\n<p align=\"justify\"><font size=\"3\" face=\"Arial\">Foram sorteados este ano v\u00e1rios brindes, dentre eles uma geladeira novinha doada pelo prefeito Ricardo, um sof\u00e1 doado pela vice-prefeita Socorro do Leite, dois fog\u00f5es e R$ 500,00 em esp\u00e9cie. Quem ganhou a geladeira foi a Sra. L\u00facia esposa de Givardo da limpeza. <\/font><font size=\"3\" face=\"Arial\">Esteve presente tamb\u00e9m o jovem Danilo Pereira e outros comerciantes da cidade. Os organizadores Joel Silva, Pelezinho e Soraia destacaram o sucesso da festa e creditaram ao gestor o apoio em tudo, caso contr\u00e1rio, a festa n\u00e3o seria realizada.<\/font> <\/p>\n<p align=\"justify\"><font size=\"3\" face=\"Arial\">Destaca-se tamb\u00e9m o empenho dos secret\u00e1rios, \u00c1lvaro Deangelles, secret\u00e1ria de educa\u00e7\u00e3o adjunta, Fabiana Souto, F\u00e1bio Brand\u00e3o, Ricardo Almeida, Maruim, Manuela Torres, Airton, Branquinho, funcion\u00e1rios, as empresas que doaram brindes e demais pessoas que n\u00e3o mediram esfor\u00e7os para que a festa se realizasse. A festa das m\u00e3es terminou por volta das 20h e ao som da banda saloaense Kair\u00f3s. <strong><font size=\"2\">Fotos: Jr. Gracindo<\/font><\/strong><\/font><\/p>\n<div style=\"margin-top: 0px; margin-bottom: 0px;\" class=\"sharethis-inline-share-buttons\" ><\/div>","protected":false},"excerpt":{"rendered":"<p>Aconteceu na tarde desta sexta-feira, dia 12 de maio de 2017, mais um evento em comemora\u00e7\u00e3o ao dia da m\u00e3es no munic\u00edpio de Salo\u00e1\/PE, festa que aconteceu nas depend\u00eancias da escola municipal S\u00e3o Vicente, que fica no centro da cidade. O evento foi um dos mais bonitos j\u00e1 realizados nestes 5 anos de governo do [&hellip;]<\/p>\n","protected":false},"author":1,"featured_media":0,"comment_status":"open","ping_status":"open","sticky":false,"template":"","format":"standard","meta":{"footnotes":""},"categories":[2],"tags":[],"class_list":["post-3373","post","type-post","status-publish","format-standard","hentry","category-noticias-do-dia"],"_links":{"self":[{"href":"https:\/\/www.saloanoticias.com\/v1\/wp-json\/wp\/v2\/posts\/3373","targetHints":{"allow":["GET"]}}],"collection":[{"href":"https:\/\/www.saloanoticias.com\/v1\/wp-json\/wp\/v2\/posts"}],"about":[{"href":"https:\/\/www.saloanoticias.com\/v1\/wp-json\/wp\/v2\/types\/post"}],"author":[{"embeddable":true,"href":"https:\/\/www.saloanoticias.com\/v1\/wp-json\/wp\/v2\/users\/1"}],"replies":[{"embeddable":true,"href":"https:\/\/www.saloanoticias.com\/v1\/wp-json\/wp\/v2\/comments?post=3373"}],"version-history":[{"count":0,"href":"https:\/\/www.saloanoticias.com\/v1\/wp-json\/wp\/v2\/posts\/3373\/revisions"}],"wp:attachment":[{"href":"https:\/\/www.saloanoticias.com\/v1\/wp-json\/wp\/v2\/media?parent=3373"}],"wp:term":[{"taxonomy":"category","embeddable":true,"href":"https:\/\/www.saloanoticias.com\/v1\/wp-json\/wp\/v2\/categories?post=3373"},{"taxonomy":"post_tag","embeddable":true,"href":"https:\/\/www.saloanoticias.com\/v1\/wp-json\/wp\/v2\/tags?post=3373"}],"curies":[{"name":"wp","href":"https:\/\/api.w.org\/{rel}","templated":true}]}}