{"id":3372,"date":"2017-05-13T13:00:00","date_gmt":"2017-05-13T13:00:00","guid":{"rendered":"https:\/\/saloanoticias.mrmediaweb.com\/v1\/2017\/05\/13\/secretaria-de-saude-de-saloa-promove-o-dia-d-de-vacinacao-no-municipio\/"},"modified":"2017-05-13T13:00:00","modified_gmt":"2017-05-13T13:00:00","slug":"secretaria-de-saude-de-saloa-promove-o-dia-d-de-vacinacao-no-municipio","status":"publish","type":"post","link":"https:\/\/www.saloanoticias.com\/v1\/secretaria-de-saude-de-saloa-promove-o-dia-d-de-vacinacao-no-municipio\/","title":{"rendered":"SECRETARIA DE SA\u00daDE DE SALO\u00c1 PROMOVE O DIA \u201cD\u201d DE VACINA\u00c7\u00c3O NO MUNIC\u00cdPIO"},"content":{"rendered":"<p align=\"justify\"><a href=\"http:\/\/www.saloanoticias.com\/images\/18423939_823458981154468_1776067135945452349_n_fc2b33a3d5c16d65d5d6332a113937b3.jpg\"><img loading=\"lazy\" decoding=\"async\" title=\"18423939_823458981154468_1776067135945452349_n\" style=\"border-top: 0px; border-right: 0px; background-image: none; border-bottom: 0px; float: none; padding-top: 0px; padding-left: 0px; margin: 0px auto 10px; border-left: 0px; display: block; padding-right: 0px\" border=\"0\" alt=\"18423939_823458981154468_1776067135945452349_n\" src=\"http:\/\/www.saloanoticias.com\/v1\/wp-content\/uploads\/imagens\/18423939_823458981154468_1776067135945452349_n_thumb_19a87a0f626c380f69cbc8101821b06f.jpg\" width=\"1493\" height=\"966\"><\/a><font size=\"3\" face=\"Arial\">Neste s\u00e1bado (13 de Maio), a Secretaria Municipal de Sa\u00fade de Salo\u00e1-PE promove o DIA D &#8211; VACINA\u00c7\u00c3O CONTRA A GRIPE (INFLUENZA) em todos os Postos de Sa\u00fade da Cidade das (\u00c1rea Rural e Urbana) das 08h00min \u00e0s 17h00min. Os grupos que devem tomar as vacinas: Gestantes, pu\u00e9rperas, crian\u00e7as a partir de (06 meses a menores 05 anos), Idosos acima de 60 anos, pessoas com doen\u00e7as cr\u00f4nicas e trabalhadores de sa\u00fade. N\u00e3o perca tempo, v\u00e1 o mais r\u00e1pido poss\u00edvel a um POSTO de SA\u00daDE de nosso Munic\u00edpio! PREVEN\u00c7\u00c3O N\u00c3O TEM IDADE. VACINE-SE! Sms Salo\u00e1<\/font><\/p>\n<div style=\"margin-top: 0px; margin-bottom: 0px;\" class=\"sharethis-inline-share-buttons\" ><\/div>","protected":false},"excerpt":{"rendered":"<p>Neste s\u00e1bado (13 de Maio), a Secretaria Municipal de Sa\u00fade de Salo\u00e1-PE promove o DIA D &#8211; VACINA\u00c7\u00c3O CONTRA A GRIPE (INFLUENZA) em todos os Postos de Sa\u00fade da Cidade das (\u00c1rea Rural e Urbana) das 08h00min \u00e0s 17h00min. Os grupos que devem tomar as vacinas: Gestantes, pu\u00e9rperas, crian\u00e7as a partir de (06 meses a [&hellip;]<\/p>\n","protected":false},"author":1,"featured_media":0,"comment_status":"open","ping_status":"open","sticky":false,"template":"","format":"standard","meta":{"footnotes":""},"categories":[2],"tags":[],"class_list":["post-3372","post","type-post","status-publish","format-standard","hentry","category-noticias-do-dia"],"_links":{"self":[{"href":"https:\/\/www.saloanoticias.com\/v1\/wp-json\/wp\/v2\/posts\/3372","targetHints":{"allow":["GET"]}}],"collection":[{"href":"https:\/\/www.saloanoticias.com\/v1\/wp-json\/wp\/v2\/posts"}],"about":[{"href":"https:\/\/www.saloanoticias.com\/v1\/wp-json\/wp\/v2\/types\/post"}],"author":[{"embeddable":true,"href":"https:\/\/www.saloanoticias.com\/v1\/wp-json\/wp\/v2\/users\/1"}],"replies":[{"embeddable":true,"href":"https:\/\/www.saloanoticias.com\/v1\/wp-json\/wp\/v2\/comments?post=3372"}],"version-history":[{"count":0,"href":"https:\/\/www.saloanoticias.com\/v1\/wp-json\/wp\/v2\/posts\/3372\/revisions"}],"wp:attachment":[{"href":"https:\/\/www.saloanoticias.com\/v1\/wp-json\/wp\/v2\/media?parent=3372"}],"wp:term":[{"taxonomy":"category","embeddable":true,"href":"https:\/\/www.saloanoticias.com\/v1\/wp-json\/wp\/v2\/categories?post=3372"},{"taxonomy":"post_tag","embeddable":true,"href":"https:\/\/www.saloanoticias.com\/v1\/wp-json\/wp\/v2\/tags?post=3372"}],"curies":[{"name":"wp","href":"https:\/\/api.w.org\/{rel}","templated":true}]}}