{"id":3369,"date":"2017-05-12T23:40:00","date_gmt":"2017-05-12T23:40:00","guid":{"rendered":"https:\/\/saloanoticias.mrmediaweb.com\/v1\/2017\/05\/12\/danilo-apoia-a-pec-da-vaquejada\/"},"modified":"2017-05-12T23:40:00","modified_gmt":"2017-05-12T23:40:00","slug":"danilo-apoia-a-pec-da-vaquejada","status":"publish","type":"post","link":"https:\/\/www.saloanoticias.com\/v1\/danilo-apoia-a-pec-da-vaquejada\/","title":{"rendered":"DANILO CABRAL APOIA PEC DA VAQUEJADA"},"content":{"rendered":"<p align=\"justify\"><font size=\"3\" face=\"Arial\"><a href=\"http:\/\/www.saloanoticias.com\/images\/thumbnail_34445804451_76716892f3_z.jpg\"><img loading=\"lazy\" decoding=\"async\" title=\"thumbnail_34445804451_76716892f3_z\" style=\"border-top: 0px; border-right: 0px; background-image: none; border-bottom: 0px; float: right; padding-top: 0px; padding-left: 0px; margin: 5px 0px 0px 5px; border-left: 0px; display: inline; padding-right: 0px\" border=\"0\" alt=\"thumbnail_34445804451_76716892f3_z\" src=\"http:\/\/www.saloanoticias.com\/v1\/wp-content\/uploads\/imagens\/thumbnail_34445804451_76716892f3_z_thumb.jpg\" width=\"334\" align=\"right\" height=\"223\"><\/a>Em discurso no Plen\u00e1rio da C\u00e2mara Federal, o deputado Danilo Cabral (PSB-PE) declarou apoio \u00e0 Proposta de Emenda Constitucional 304, a PEC da Vaquejada. A mat\u00e9ria disciplina os rodeios e vaquejadas e foi votada na tarde do dia 10 de maio. Com a ressalva de que o bem-estar dos animais sejam assegurados, o parlamentar destacou que a pr\u00e1tica esportiva com animais gera mais de tr\u00eas milh\u00f5es de empregos diretos e indiretos no Pa\u00eds e movimenta mais de R$ 8 milh\u00f5es por ano.<\/font><\/p>\n<p align=\"justify\"><font size=\"3\" face=\"Arial\">\u201cA vaquejada \u00e9 uma das marcas importantes da cultura do Nordeste, em especial de Pernambuco e da nossa terra, Surubim, conhecida como a capital do esporte\u201d, afirmou Danilo Cabral. Ele comentou que, s\u00f3 na vaquejada, mais de 700 mil pessoas s\u00e3o mobilizadas no Brasil. <\/font><font size=\"3\" face=\"Arial\">Por ser uma PEC, a proposta precisou de 308 votos para ser aprovada na C\u00e2mara dos Deputados. \u201cHouve uma mobiliza\u00e7\u00e3o de movimentos de todo o Brasil no Congresso para acompanhar a vota\u00e7\u00e3o e fazer uma reflex\u00e3o sobre o reconhecimento dessas pr\u00e1ticas esportivas\u201d, comentou o deputado.<\/font> <\/p>\n<p align=\"justify\"><font size=\"3\" face=\"Arial\">Segundo ele, a mat\u00e9ria \u00e9 pol\u00eamica, porque Supremo Tribunal Federal (STF), no segundo semestre do ano passado, considerou inconstitucional uma lei do Cear\u00e1 que regulamentava a vaquejada. <\/font><font size=\"3\" face=\"Arial\">Na comiss\u00e3o especial da C\u00e2mara que analisou a mat\u00e9ria, a proposta que estabelece que n\u00e3o s\u00e3o cru\u00e9is as pr\u00e1ticas desportivas com animais registradas como bem imaterial do Patrim\u00f4nio Cultural brasileiro e garantam<\/font><\/p>\n<div style=\"margin-top: 0px; margin-bottom: 0px;\" class=\"sharethis-inline-share-buttons\" ><\/div>","protected":false},"excerpt":{"rendered":"<p>Em discurso no Plen\u00e1rio da C\u00e2mara Federal, o deputado Danilo Cabral (PSB-PE) declarou apoio \u00e0 Proposta de Emenda Constitucional 304, a PEC da Vaquejada. A mat\u00e9ria disciplina os rodeios e vaquejadas e foi votada na tarde do dia 10 de maio. Com a ressalva de que o bem-estar dos animais sejam assegurados, o parlamentar destacou [&hellip;]<\/p>\n","protected":false},"author":1,"featured_media":0,"comment_status":"open","ping_status":"open","sticky":false,"template":"","format":"standard","meta":{"footnotes":""},"categories":[2],"tags":[],"class_list":["post-3369","post","type-post","status-publish","format-standard","hentry","category-noticias-do-dia"],"_links":{"self":[{"href":"https:\/\/www.saloanoticias.com\/v1\/wp-json\/wp\/v2\/posts\/3369","targetHints":{"allow":["GET"]}}],"collection":[{"href":"https:\/\/www.saloanoticias.com\/v1\/wp-json\/wp\/v2\/posts"}],"about":[{"href":"https:\/\/www.saloanoticias.com\/v1\/wp-json\/wp\/v2\/types\/post"}],"author":[{"embeddable":true,"href":"https:\/\/www.saloanoticias.com\/v1\/wp-json\/wp\/v2\/users\/1"}],"replies":[{"embeddable":true,"href":"https:\/\/www.saloanoticias.com\/v1\/wp-json\/wp\/v2\/comments?post=3369"}],"version-history":[{"count":0,"href":"https:\/\/www.saloanoticias.com\/v1\/wp-json\/wp\/v2\/posts\/3369\/revisions"}],"wp:attachment":[{"href":"https:\/\/www.saloanoticias.com\/v1\/wp-json\/wp\/v2\/media?parent=3369"}],"wp:term":[{"taxonomy":"category","embeddable":true,"href":"https:\/\/www.saloanoticias.com\/v1\/wp-json\/wp\/v2\/categories?post=3369"},{"taxonomy":"post_tag","embeddable":true,"href":"https:\/\/www.saloanoticias.com\/v1\/wp-json\/wp\/v2\/tags?post=3369"}],"curies":[{"name":"wp","href":"https:\/\/api.w.org\/{rel}","templated":true}]}}