{"id":3368,"date":"2017-05-12T13:24:00","date_gmt":"2017-05-12T13:24:00","guid":{"rendered":"https:\/\/saloanoticias.mrmediaweb.com\/v1\/2017\/05\/12\/manoel-tiago-mendes-realiza-grande-festa-das-maes\/"},"modified":"2017-05-12T13:24:00","modified_gmt":"2017-05-12T13:24:00","slug":"manoel-tiago-mendes-realiza-grande-festa-das-maes","status":"publish","type":"post","link":"https:\/\/www.saloanoticias.com\/v1\/manoel-tiago-mendes-realiza-grande-festa-das-maes\/","title":{"rendered":"MANOEL TIAGO MENDES REALIZOU GRANDE FESTA DAS M\u00c3ES NESTA QUINTA (11)"},"content":{"rendered":"<p align=\"justify\"><font size=\"3\" face=\"Arial\"><a href=\"http:\/\/www.saloanoticias.com\/images\/prata-festa.gif\"><img loading=\"lazy\" decoding=\"async\" title=\"prata festa\" style=\"border-top: 0px; border-right: 0px; background-image: none; border-bottom: 0px; float: none; padding-top: 0px; padding-left: 0px; margin: 0px auto 10px; border-left: 0px; display: block; padding-right: 0px\" border=\"0\" alt=\"prata festa\" src=\"http:\/\/www.saloanoticias.com\/v1\/wp-content\/uploads\/imagens\/prata-festa_thumb.gif\" width=\"1493\" height=\"1120\"><\/a>Aconteceu na tarde desta quinta-feira, dia 11 de maio a comemora\u00e7\u00e3o do dia da m\u00e3es da Escola Intermedi\u00e1ria Manoel Tiago Mendes da vila de Iatec\u00e1. <\/font><font size=\"3\" face=\"Arial\">A festa foi muito bonita e teve apresenta\u00e7\u00f5es de alunos homenageando suas M\u00e3es, m\u00fasica ao vivo, sorteio de pr\u00eamios e participa\u00e7\u00e3o recorde das M\u00e3es. A cada ano que se passa o evento das m\u00e3es vem crescendo. Estavam presentes o gestor municipal Ricardo Alves, o deputado estadual Marcantonio Dourado , vereadores Ronaldinho, Eduardo (Dudu) , Vilma da Prata, J\u00fanior de Rivaldo, Secret\u00e1rios de administra\u00e7\u00e3o, sa\u00fade e transportes.<\/font><\/p>\n<p align=\"justify\"><font size=\"3\" face=\"Arial\">Foram sorteados este ano v\u00e1rios brindes, dentre eles uma geladeira e um sof\u00e1, todos advindos de doa\u00e7\u00f5es. A dire\u00e7\u00e3o da escola Manoel Tiago Mendes faz quest\u00e3o de agradecer prefeito Ricardo, secret\u00e1rio de educa\u00e7\u00e3o, \u00c1lvaro Deangelles , secret\u00e1ria adjunta, Fabiana Souto, ao amigo F\u00e1bio Brand\u00e3o<\/font><font size=\"3\" face=\"Arial\">, Ricardo Almeida e a todos os funcion\u00e1rios que n\u00e3o mediram esfor\u00e7os para que a festa se realizasse, equipe gestora, professores e todos os auxiliares, o pessoal da cozinha e servi\u00e7os gerais. Fica agora a expectativa para a festa das m\u00e3es do ano que vem, que deve ser ainda maior.<\/font><\/p>\n<div style=\"margin-top: 0px; margin-bottom: 0px;\" class=\"sharethis-inline-share-buttons\" ><\/div>","protected":false},"excerpt":{"rendered":"<p>Aconteceu na tarde desta quinta-feira, dia 11 de maio a comemora\u00e7\u00e3o do dia da m\u00e3es da Escola Intermedi\u00e1ria Manoel Tiago Mendes da vila de Iatec\u00e1. A festa foi muito bonita e teve apresenta\u00e7\u00f5es de alunos homenageando suas M\u00e3es, m\u00fasica ao vivo, sorteio de pr\u00eamios e participa\u00e7\u00e3o recorde das M\u00e3es. A cada ano que se passa [&hellip;]<\/p>\n","protected":false},"author":1,"featured_media":0,"comment_status":"open","ping_status":"open","sticky":false,"template":"","format":"standard","meta":{"footnotes":""},"categories":[2],"tags":[],"class_list":["post-3368","post","type-post","status-publish","format-standard","hentry","category-noticias-do-dia"],"_links":{"self":[{"href":"https:\/\/www.saloanoticias.com\/v1\/wp-json\/wp\/v2\/posts\/3368","targetHints":{"allow":["GET"]}}],"collection":[{"href":"https:\/\/www.saloanoticias.com\/v1\/wp-json\/wp\/v2\/posts"}],"about":[{"href":"https:\/\/www.saloanoticias.com\/v1\/wp-json\/wp\/v2\/types\/post"}],"author":[{"embeddable":true,"href":"https:\/\/www.saloanoticias.com\/v1\/wp-json\/wp\/v2\/users\/1"}],"replies":[{"embeddable":true,"href":"https:\/\/www.saloanoticias.com\/v1\/wp-json\/wp\/v2\/comments?post=3368"}],"version-history":[{"count":0,"href":"https:\/\/www.saloanoticias.com\/v1\/wp-json\/wp\/v2\/posts\/3368\/revisions"}],"wp:attachment":[{"href":"https:\/\/www.saloanoticias.com\/v1\/wp-json\/wp\/v2\/media?parent=3368"}],"wp:term":[{"taxonomy":"category","embeddable":true,"href":"https:\/\/www.saloanoticias.com\/v1\/wp-json\/wp\/v2\/categories?post=3368"},{"taxonomy":"post_tag","embeddable":true,"href":"https:\/\/www.saloanoticias.com\/v1\/wp-json\/wp\/v2\/tags?post=3368"}],"curies":[{"name":"wp","href":"https:\/\/api.w.org\/{rel}","templated":true}]}}