{"id":3367,"date":"2017-05-12T11:00:00","date_gmt":"2017-05-12T11:00:00","guid":{"rendered":"https:\/\/saloanoticias.mrmediaweb.com\/v1\/2017\/05\/12\/governo-de-saloa-fornece-tratores-para-aracao-de-terras\/"},"modified":"2017-05-12T11:00:00","modified_gmt":"2017-05-12T11:00:00","slug":"governo-de-saloa-fornece-tratores-para-aracao-de-terras","status":"publish","type":"post","link":"https:\/\/www.saloanoticias.com\/v1\/governo-de-saloa-fornece-tratores-para-aracao-de-terras\/","title":{"rendered":"GOVERNO DE SALO\u00c1\/PE FORNECE TRATORES PARA ARA\u00c7\u00c3O DE TERRAS NO MUNIC\u00cdPIO"},"content":{"rendered":"<p align=\"justify\"><font size=\"3\" face=\"Arial\"><a href=\"http:\/\/www.saloanoticias.com\/images\/salo-7_e206e1f052f97db3a2da1b3338c5fd58.jpg\"><img loading=\"lazy\" decoding=\"async\" title=\"SALO&Aacute; 7\" style=\"border-top: 0px; border-right: 0px; background-image: none; border-bottom: 0px; float: none; padding-top: 0px; padding-left: 0px; margin: 0px auto 10px; border-left: 0px; display: block; padding-right: 0px\" border=\"0\" alt=\"SALO&Aacute; 7\" src=\"http:\/\/www.saloanoticias.com\/v1\/wp-content\/uploads\/imagens\/salo-7_thumb_36f69f20a5c0c003569c06579b58edd0.jpg\" width=\"1469\" height=\"826\"><\/a>A chegada, mesmo que ainda de forma t\u00edmida das primeiras chuvas na regi\u00e3o do Agreste Pernambucano, ap\u00f3s anos de estiagem severa, tem animado os agricultores e motivado o Governo de Salo\u00e1 a iniciar um trabalho que possa contribuir principalmente com os pequenos produtores rurais. <\/font><font size=\"3\" face=\"Arial\">Reconhecendo a import\u00e2ncia da agricultura para o munic\u00edpio, implementos e m\u00e1quinas agr\u00edcolas vem sendo ofertados pela gest\u00e3o do prefeito Ricardo Alves (PMDB)&nbsp; para a pronta ara\u00e7\u00e3o de terras atrav\u00e9s da Secretaria Municipal de Agricultura, que pretendem agilizar a produ\u00e7\u00e3o de feij\u00e3o e milho, produtos que tamb\u00e9m devem servir como mat\u00e9ria prima para prepara\u00e7\u00e3o do silo.<\/font> <\/p>\n<p align=\"justify\"><font size=\"3\" face=\"Arial\">Segundo o Secret\u00e1rio de Agricultura de Salo\u00e1,&nbsp; Marcos Aur\u00e9lio (Maruim) que tem acompanhado de perto este trabalho, a meta \u00e9 alcan\u00e7ar todos os agricultores do munic\u00edpio, inclusive os das regi\u00f5es mais remotas. <\/font><font size=\"3\" face=\"Arial\">E para dar mais assist\u00eancia ao agricultor Salo\u00e1 vai receber em breve uma PAM (Patrulha Agr\u00edcola Mecanizada), recurso advindo do Minist\u00e9rio da Agricultura. <\/font><font size=\"3\" face=\"Arial\">Essa patrulha \u00e9 composta por trator e v\u00e1rios outros equipamentos agr\u00edcolas que ser\u00e3o bastante \u00fateis para as fam\u00edlias que vivem em minif\u00fandios no munic\u00edpio, principalmente nos tempos do cultivo das planta\u00e7\u00f5es e colheitas. <\/font><b><font size=\"2\" face=\"Arial\">Com informa\u00e7\u00f5es e imagens da ASCOM\/Salo\u00e1<\/font><\/b><\/p>\n<div style=\"margin-top: 0px; margin-bottom: 0px;\" class=\"sharethis-inline-share-buttons\" ><\/div>","protected":false},"excerpt":{"rendered":"<p>A chegada, mesmo que ainda de forma t\u00edmida das primeiras chuvas na regi\u00e3o do Agreste Pernambucano, ap\u00f3s anos de estiagem severa, tem animado os agricultores e motivado o Governo de Salo\u00e1 a iniciar um trabalho que possa contribuir principalmente com os pequenos produtores rurais. Reconhecendo a import\u00e2ncia da agricultura para o munic\u00edpio, implementos e m\u00e1quinas [&hellip;]<\/p>\n","protected":false},"author":1,"featured_media":0,"comment_status":"open","ping_status":"open","sticky":false,"template":"","format":"standard","meta":{"footnotes":""},"categories":[2],"tags":[],"class_list":["post-3367","post","type-post","status-publish","format-standard","hentry","category-noticias-do-dia"],"_links":{"self":[{"href":"https:\/\/www.saloanoticias.com\/v1\/wp-json\/wp\/v2\/posts\/3367","targetHints":{"allow":["GET"]}}],"collection":[{"href":"https:\/\/www.saloanoticias.com\/v1\/wp-json\/wp\/v2\/posts"}],"about":[{"href":"https:\/\/www.saloanoticias.com\/v1\/wp-json\/wp\/v2\/types\/post"}],"author":[{"embeddable":true,"href":"https:\/\/www.saloanoticias.com\/v1\/wp-json\/wp\/v2\/users\/1"}],"replies":[{"embeddable":true,"href":"https:\/\/www.saloanoticias.com\/v1\/wp-json\/wp\/v2\/comments?post=3367"}],"version-history":[{"count":0,"href":"https:\/\/www.saloanoticias.com\/v1\/wp-json\/wp\/v2\/posts\/3367\/revisions"}],"wp:attachment":[{"href":"https:\/\/www.saloanoticias.com\/v1\/wp-json\/wp\/v2\/media?parent=3367"}],"wp:term":[{"taxonomy":"category","embeddable":true,"href":"https:\/\/www.saloanoticias.com\/v1\/wp-json\/wp\/v2\/categories?post=3367"},{"taxonomy":"post_tag","embeddable":true,"href":"https:\/\/www.saloanoticias.com\/v1\/wp-json\/wp\/v2\/tags?post=3367"}],"curies":[{"name":"wp","href":"https:\/\/api.w.org\/{rel}","templated":true}]}}