{"id":3366,"date":"2017-05-11T11:00:00","date_gmt":"2017-05-11T11:00:00","guid":{"rendered":"https:\/\/saloanoticias.mrmediaweb.com\/v1\/2017\/05\/11\/saloa-se-destaca-em-meio-a-crise-realizando-melhorias-para-a-populacao\/"},"modified":"2017-05-11T11:00:00","modified_gmt":"2017-05-11T11:00:00","slug":"saloa-se-destaca-em-meio-a-crise-realizando-melhorias-para-a-populacao","status":"publish","type":"post","link":"https:\/\/www.saloanoticias.com\/v1\/saloa-se-destaca-em-meio-a-crise-realizando-melhorias-para-a-populacao\/","title":{"rendered":"MESMO EM MEIO A CRISE, O MUNIC\u00cdPIO DE SALO\u00c1\/PE SE DESTACA REALIZANDO OBRAS"},"content":{"rendered":"<p align=\"justify\"><font size=\"3\" face=\"Arial\"><a href=\"http:\/\/www.saloanoticias.com\/images\/18342549_822371864596513_4347954774853929474_n_718c56a7b6806f6aa147fa9e30a1e4ee.jpg\"><img loading=\"lazy\" decoding=\"async\" title=\"18342549_822371864596513_4347954774853929474_n\" style=\"border-top: 0px; border-right: 0px; background-image: none; border-bottom: 0px; float: none; padding-top: 0px; padding-left: 0px; margin: 0px auto 10px; border-left: 0px; display: block; padding-right: 0px\" border=\"0\" alt=\"18342549_822371864596513_4347954774853929474_n\" src=\"http:\/\/www.saloanoticias.com\/v1\/wp-content\/uploads\/imagens\/18342549_822371864596513_4347954774853929474_n_thumb_41dd9b7538af9aacfc8ae2a80dedb583.jpg\" width=\"1465\" height=\"967\"><\/a>A crise financeira que vem afetando a grande maioria dos munic\u00edpios brasileiros, n\u00e3o vem sendo motivo de reclama\u00e7\u00f5es de alguns gestores municipais. Afinal, os prefeitos que assumiram seus mandatos em Janeiro desse ano e tamb\u00e9m os reeleitos n\u00e3o estavam alheios aos obst\u00e1culos que viriam com&nbsp; a amplia\u00e7\u00e3o dos problemas em todos os n\u00edveis da administra\u00e7\u00e3o p\u00fablica. <\/font><font size=\"3\" face=\"Arial\">Por\u00e9m, para os administradores precavidos, a&nbsp; dificuldades&nbsp; vem servindo como uma mola propulsora para retirar os seus munic\u00edpios do fundo do po\u00e7o ou em casos mais otimistas, manter o padr\u00e3o de servi\u00e7os p\u00fablicos que vem sendo oferecidos \u00e0 sua popula\u00e7\u00e3o.<\/font><\/p>\n<p align=\"justify\"><a href=\"http:\/\/www.saloanoticias.com\/images\/18425130_822371934596506_2615188223781204351_n_ad8fcdb631f3a95e0cfa1fb3437f69f1.jpg\"><img loading=\"lazy\" decoding=\"async\" title=\"18425130_822371934596506_2615188223781204351_n\" style=\"border-top: 0px; border-right: 0px; background-image: none; border-bottom: 0px; float: none; padding-top: 0px; padding-left: 0px; margin-left: auto; border-left: 0px; display: block; padding-right: 0px; margin-right: auto\" border=\"0\" alt=\"18425130_822371934596506_2615188223781204351_n\" src=\"http:\/\/www.saloanoticias.com\/v1\/wp-content\/uploads\/imagens\/18425130_822371934596506_2615188223781204351_n_thumb_9765ad6b36d3bb927d31676c6ec2c45a.jpg\" width=\"1461\" height=\"854\"><\/a><\/p>\n<p align=\"justify\"><font size=\"3\" face=\"Arial\">Essa \u00faltima situa\u00e7\u00e3o, ilustra bem o trabalho que vem sendo apresentado a popula\u00e7\u00e3o pelo Prefeito Ricardo Alves (PMDB) de Salo\u00e1\/PE, no Agreste pernambucano. Em meio a todas as dificuldades, denter elas a crise h\u00eddrica, Salo\u00e1 vem dando um bom exemplo com a continua\u00e7\u00e3o dos trabalhos na adutora do S\u00edtio Manoel Ferreira, cuja obra encontra-se em est\u00e1gio avan\u00e7ado. O governo municipal tamb\u00e9m se preocupou na quest\u00e3o da limpeza de po\u00e7os artesianos, que vem suprindo as fam\u00edlias das localidades, principalmente nos setores rurais.<\/font> <\/p>\n<p align=\"justify\"><a href=\"http:\/\/www.saloanoticias.com\/images\/figura1_eb1c4c0cd5f284eae37d8f7e8c56b068.jpg\"><img loading=\"lazy\" decoding=\"async\" title=\"Figura1\" style=\"border-top: 0px; border-right: 0px; background-image: none; border-bottom: 0px; float: none; padding-top: 0px; padding-left: 0px; margin-left: auto; border-left: 0px; display: block; padding-right: 0px; margin-right: auto\" border=\"0\" alt=\"Figura1\" src=\"http:\/\/www.saloanoticias.com\/v1\/wp-content\/uploads\/imagens\/figura1_thumb_997989f6554c35b51c663c276ca58381.jpg\" width=\"1458\" height=\"1093\"><\/a> <\/p>\n<p align=\"justify\"><font size=\"3\" face=\"Arial\">E por fim, mas de import\u00e2ncia fundamental, o prefeito autorizou a recupera\u00e7\u00e3o de todas as estradas do munic\u00edpio, trabalho iniciado nas principais vias de acesso a sede.&nbsp; Dessa forma, o governo de Salo\u00e1 vem demonstrando que crise se vence com determina\u00e7\u00e3o e muita criatividade. <strong><font size=\"2\">Fonte: Blog Falando com o Agreste<\/font><\/strong><\/font><\/p>\n<div style=\"margin-top: 0px; margin-bottom: 0px;\" class=\"sharethis-inline-share-buttons\" ><\/div>","protected":false},"excerpt":{"rendered":"<p>A crise financeira que vem afetando a grande maioria dos munic\u00edpios brasileiros, n\u00e3o vem sendo motivo de reclama\u00e7\u00f5es de alguns gestores municipais. Afinal, os prefeitos que assumiram seus mandatos em Janeiro desse ano e tamb\u00e9m os reeleitos n\u00e3o estavam alheios aos obst\u00e1culos que viriam com&nbsp; a amplia\u00e7\u00e3o dos problemas em todos os n\u00edveis da administra\u00e7\u00e3o [&hellip;]<\/p>\n","protected":false},"author":1,"featured_media":0,"comment_status":"open","ping_status":"open","sticky":false,"template":"","format":"standard","meta":{"footnotes":""},"categories":[2],"tags":[],"class_list":["post-3366","post","type-post","status-publish","format-standard","hentry","category-noticias-do-dia"],"_links":{"self":[{"href":"https:\/\/www.saloanoticias.com\/v1\/wp-json\/wp\/v2\/posts\/3366","targetHints":{"allow":["GET"]}}],"collection":[{"href":"https:\/\/www.saloanoticias.com\/v1\/wp-json\/wp\/v2\/posts"}],"about":[{"href":"https:\/\/www.saloanoticias.com\/v1\/wp-json\/wp\/v2\/types\/post"}],"author":[{"embeddable":true,"href":"https:\/\/www.saloanoticias.com\/v1\/wp-json\/wp\/v2\/users\/1"}],"replies":[{"embeddable":true,"href":"https:\/\/www.saloanoticias.com\/v1\/wp-json\/wp\/v2\/comments?post=3366"}],"version-history":[{"count":0,"href":"https:\/\/www.saloanoticias.com\/v1\/wp-json\/wp\/v2\/posts\/3366\/revisions"}],"wp:attachment":[{"href":"https:\/\/www.saloanoticias.com\/v1\/wp-json\/wp\/v2\/media?parent=3366"}],"wp:term":[{"taxonomy":"category","embeddable":true,"href":"https:\/\/www.saloanoticias.com\/v1\/wp-json\/wp\/v2\/categories?post=3366"},{"taxonomy":"post_tag","embeddable":true,"href":"https:\/\/www.saloanoticias.com\/v1\/wp-json\/wp\/v2\/tags?post=3366"}],"curies":[{"name":"wp","href":"https:\/\/api.w.org\/{rel}","templated":true}]}}