{"id":3365,"date":"2017-05-10T20:00:00","date_gmt":"2017-05-10T20:00:00","guid":{"rendered":"https:\/\/saloanoticias.mrmediaweb.com\/v1\/2017\/05\/10\/secretaria-de-educacao-oferta-formacao-aos-professores-da-rede-municipal-de-ensino\/"},"modified":"2017-05-10T20:00:00","modified_gmt":"2017-05-10T20:00:00","slug":"secretaria-de-educacao-oferta-formacao-aos-professores-da-rede-municipal-de-ensino","status":"publish","type":"post","link":"https:\/\/www.saloanoticias.com\/v1\/secretaria-de-educacao-oferta-formacao-aos-professores-da-rede-municipal-de-ensino\/","title":{"rendered":"SEC. DE EDUCA\u00c7\u00c3O OFERTA FORMA\u00c7\u00c3O AOS PROFESSORES DA REDE MUNICIPAL"},"content":{"rendered":"<p align=\"justify\"><font size=\"3\" face=\"Arial\"><a href=\"http:\/\/www.saloanoticias.com\/images\/18342397_822371991263167_5671804496613426953_n.jpg\"><img loading=\"lazy\" decoding=\"async\" title=\"18342397_822371991263167_5671804496613426953_n\" style=\"border-top: 0px; border-right: 0px; background-image: none; border-bottom: 0px; float: none; padding-top: 0px; padding-left: 0px; margin: 0px auto 10px; border-left: 0px; display: block; padding-right: 0px\" border=\"0\" alt=\"18342397_822371991263167_5671804496613426953_n\" src=\"http:\/\/www.saloanoticias.com\/v1\/wp-content\/uploads\/imagens\/18342397_822371991263167_5671804496613426953_n_thumb.jpg\" width=\"1521\" height=\"862\"><\/a>Parceria firmada entre a Secretaria Municipal de Educa\u00e7\u00e3o e professores da Universidade Federal Rural de Pernambuco \u2013 Unidade Acad\u00eamica de Garanhuns (UFRPE-UAG) garantiu sucesso na forma\u00e7\u00e3o continuada. <\/font><font size=\"3\" face=\"Arial\">No \u00faltimo s\u00e1bado (06) a Secretaria Municipal de Educa\u00e7\u00e3o de Salo\u00e1 em parceria com a Universidade Federal Rural de Pernambuco \u2013 Unidade Acad\u00eamica de Garanhuns (UFRPE-UAG) promoveu o primeiro encontro da forma\u00e7\u00e3o continuada 2017 que tem como tema central e norteador: Curr\u00edculo inclusivo e Planejamento, e foi ofertada para todos os professores que comp\u00f5em as modalidades de ensino competentes ao munic\u00edpio.<\/font><\/p>\n<p align=\"justify\"><a href=\"http:\/\/www.saloanoticias.com\/images\/figura1_506afe1054e07cf2c7150494e3dd0b1c.jpg\"><img loading=\"lazy\" decoding=\"async\" title=\"Figura1\" style=\"border-top: 0px; border-right: 0px; background-image: none; border-bottom: 0px; float: none; padding-top: 0px; padding-left: 0px; margin-left: auto; border-left: 0px; display: block; padding-right: 0px; margin-right: auto\" border=\"0\" alt=\"Figura1\" src=\"http:\/\/www.saloanoticias.com\/v1\/wp-content\/uploads\/imagens\/figura1_thumb_0d1ecf4723256f9880898789b2546773.jpg\" width=\"1518\" height=\"1138\"><\/a><\/p>\n<p align=\"justify\"><font size=\"3\" face=\"Arial\">Este primeiro momento aconteceu na Escola Municipal S\u00e3o Vicente que comportou mais de duzentas (200) pessoas que permaneceram durante todo o dia trocando experi\u00eancias e em oficinas ministradas pelos professores da UAG. <\/font><font size=\"3\" face=\"Arial\">Ap\u00f3s o credenciamento, os participantes seguiram para o caf\u00e9 da manh\u00e3, enquanto esperavam o hor\u00e1rio de in\u00edcio das oficinas. Neste mesmo espa\u00e7o foi servido almo\u00e7o e ao final do dia puderam confraternizar-se com um breve lanche.<\/font> <\/p>\n<p align=\"justify\"><a href=\"http:\/\/www.saloanoticias.com\/images\/18342549_822371864596513_4347954774853929474_n.jpg\"><img loading=\"lazy\" decoding=\"async\" title=\"18342549_822371864596513_4347954774853929474_n\" style=\"border-top: 0px; border-right: 0px; background-image: none; border-bottom: 0px; float: none; padding-top: 0px; padding-left: 0px; margin-left: auto; border-left: 0px; display: block; padding-right: 0px; margin-right: auto\" border=\"0\" alt=\"18342549_822371864596513_4347954774853929474_n\" src=\"http:\/\/www.saloanoticias.com\/v1\/wp-content\/uploads\/imagens\/18342549_822371864596513_4347954774853929474_n_thumb.jpg\" width=\"1509\" height=\"1479\"><\/a> <\/p>\n<p align=\"justify\"><font size=\"3\" face=\"Arial\">Atrav\u00e9s das redes sociais os professores mostraram o tamanho da sua satisfa\u00e7\u00e3o apontando como: dia produtivo; muito interessante e com conte\u00fados relevantes para a \u00e1rea de forma\u00e7\u00e3o; e parabenizaram a equipe de professores da UAG e aos que fazem parte da Secretaria Municipal de Educa\u00e7\u00e3o por proporcionar um momento como esse. <\/font><font size=\"3\" face=\"Arial\">\u201cA parceria do munic\u00edpio com professores da UAG torna-se importante quando estes n\u00e3o vieram para tratar de qualquer coisa, mas sim para ouvir os profissionais que fazem parte da rede municipal e pensarmos, em conjunto, em solu\u00e7\u00f5es, vez que s\u00e3o professores que entendem a realidade educacional brasileira, e junto a UAG vamos mudar a realidade de Salo\u00e1\u201d. Pontua o Secret\u00e1rio de Educa\u00e7\u00e3o Alvaro Deangelles.<\/font> <\/p>\n<p align=\"justify\"><a href=\"http:\/\/www.saloanoticias.com\/images\/18425130_822371934596506_2615188223781204351_n.jpg\"><img loading=\"lazy\" decoding=\"async\" title=\"18425130_822371934596506_2615188223781204351_n\" style=\"border-top: 0px; border-right: 0px; background-image: none; border-bottom: 0px; float: none; padding-top: 0px; padding-left: 0px; margin-left: auto; border-left: 0px; display: block; padding-right: 0px; margin-right: auto\" border=\"0\" alt=\"18425130_822371934596506_2615188223781204351_n\" src=\"http:\/\/www.saloanoticias.com\/v1\/wp-content\/uploads\/imagens\/18425130_822371934596506_2615188223781204351_n_thumb.jpg\" width=\"1513\" height=\"865\"><\/a><\/p>\n<div style=\"margin-top: 0px; margin-bottom: 0px;\" class=\"sharethis-inline-share-buttons\" ><\/div>","protected":false},"excerpt":{"rendered":"<p>Parceria firmada entre a Secretaria Municipal de Educa\u00e7\u00e3o e professores da Universidade Federal Rural de Pernambuco \u2013 Unidade Acad\u00eamica de Garanhuns (UFRPE-UAG) garantiu sucesso na forma\u00e7\u00e3o continuada. No \u00faltimo s\u00e1bado (06) a Secretaria Municipal de Educa\u00e7\u00e3o de Salo\u00e1 em parceria com a Universidade Federal Rural de Pernambuco \u2013 Unidade Acad\u00eamica de Garanhuns (UFRPE-UAG) promoveu o [&hellip;]<\/p>\n","protected":false},"author":1,"featured_media":0,"comment_status":"open","ping_status":"open","sticky":false,"template":"","format":"standard","meta":{"footnotes":""},"categories":[2],"tags":[],"class_list":["post-3365","post","type-post","status-publish","format-standard","hentry","category-noticias-do-dia"],"_links":{"self":[{"href":"https:\/\/www.saloanoticias.com\/v1\/wp-json\/wp\/v2\/posts\/3365","targetHints":{"allow":["GET"]}}],"collection":[{"href":"https:\/\/www.saloanoticias.com\/v1\/wp-json\/wp\/v2\/posts"}],"about":[{"href":"https:\/\/www.saloanoticias.com\/v1\/wp-json\/wp\/v2\/types\/post"}],"author":[{"embeddable":true,"href":"https:\/\/www.saloanoticias.com\/v1\/wp-json\/wp\/v2\/users\/1"}],"replies":[{"embeddable":true,"href":"https:\/\/www.saloanoticias.com\/v1\/wp-json\/wp\/v2\/comments?post=3365"}],"version-history":[{"count":0,"href":"https:\/\/www.saloanoticias.com\/v1\/wp-json\/wp\/v2\/posts\/3365\/revisions"}],"wp:attachment":[{"href":"https:\/\/www.saloanoticias.com\/v1\/wp-json\/wp\/v2\/media?parent=3365"}],"wp:term":[{"taxonomy":"category","embeddable":true,"href":"https:\/\/www.saloanoticias.com\/v1\/wp-json\/wp\/v2\/categories?post=3365"},{"taxonomy":"post_tag","embeddable":true,"href":"https:\/\/www.saloanoticias.com\/v1\/wp-json\/wp\/v2\/tags?post=3365"}],"curies":[{"name":"wp","href":"https:\/\/api.w.org\/{rel}","templated":true}]}}