{"id":3364,"date":"2017-05-10T17:40:00","date_gmt":"2017-05-10T17:40:00","guid":{"rendered":"https:\/\/saloanoticias.mrmediaweb.com\/v1\/2017\/05\/10\/operacao-sem-fronteiras-realiza-varias-apreensoes-no-agreste-meridional\/"},"modified":"2017-05-10T17:40:00","modified_gmt":"2017-05-10T17:40:00","slug":"operacao-sem-fronteiras-realiza-varias-apreensoes-no-agreste-meridional","status":"publish","type":"post","link":"https:\/\/www.saloanoticias.com\/v1\/operacao-sem-fronteiras-realiza-varias-apreensoes-no-agreste-meridional\/","title":{"rendered":"\u201cOPERA\u00c7\u00c3O SEM FRONTEIRAS\u201d FEZ V\u00c1RIAS APREENS\u00d5ES NO AGRESTE MERIDIONAL"},"content":{"rendered":"<p align=\"justify\"><font size=\"3\" face=\"Arial\"><a href=\"http:\/\/www.saloanoticias.com\/images\/figura1_81719f2dc18fee56882b92ae3a82d822.jpg\"><img loading=\"lazy\" decoding=\"async\" title=\"Figura1\" style=\"border-top: 0px; border-right: 0px; background-image: none; border-bottom: 0px; float: left; padding-top: 0px; padding-left: 0px; margin: 5px 5px 0px 0px; border-left: 0px; display: inline; padding-right: 0px\" border=\"0\" alt=\"Figura1\" src=\"http:\/\/www.saloanoticias.com\/v1\/wp-content\/uploads\/imagens\/figura1_thumb_9c16f4856c23fa382fcbca48a4d55f23.jpg\" width=\"317\" align=\"left\" height=\"198\"><\/a>A Pol\u00edcia Civil de Pernambuco ainda n\u00e3o se pronunciou, via coletiva, sobre os desdobramentos da Opera\u00e7\u00e3o sem Fronteiras, que deflagrou a pris\u00e3o de supostos integrantes de Organiza\u00e7\u00e3o Criminosa voltada para Assaltos a banco e roubo de carga e carros e trafico de drogas, aqui em Pernambuco e tamb\u00e9m no estado de Alagoas. <\/font><font size=\"3\" face=\"Arial\">Em nota distribu\u00edda a Imprensa nas primeiras horas da manh\u00e3 de hoje, dia 10, a Secretaria de Defesa Social de Pernambuco (SDS) informou que a opera\u00e7\u00e3o tem por objetivo dar cumprimento a 23 mandados de pris\u00e3o preventiva e a 26 mandados de busca e apreens\u00e3o domiciliar, aqui em Garanhuns.<\/font><\/p>\n<p align=\"justify\"><font size=\"3\" face=\"Arial\">At\u00e9 o momento n\u00e3o h\u00e1 informa\u00e7\u00f5es quanto a identidade dos suspeitos e nem a quantidade de pessoas presas preventivamente. <\/font><font size=\"3\" face=\"Arial\">Os detalhes da investiga\u00e7\u00e3o que culminaram na Opera\u00e7\u00e3o Sem Fronteiras, s\u00f3 dever\u00e3o ser divulgados amanh\u00e3, dia 11, em entrevista coletiva a ser concedida pela Pol\u00edcia Civil de Alagoas, em Macei\u00f3.<\/font><\/p>\n<p align=\"justify\"><font size=\"3\" face=\"Arial\"><strong><font size=\"4\">VEREADOR E TENENTE PRESOS<\/font><\/strong>: O Vereador de Garanhuns, Marinho da Estiva (PHS), foi conduzido por Policiais Civis at\u00e9 a Delegacia Seccional de Garanhuns na manh\u00e3 de hoje, dia 10. Apesar das diversas vers\u00f5es quanto ao fato, n\u00e3o h\u00e1 informa\u00e7\u00f5es oficiais de que haja qualquer liga\u00e7\u00e3o dessa condu\u00e7\u00e3o com a Opera\u00e7\u00e3o sem Fonteiras. &#8220;N\u00e3o tenho envolvimento em nada. Minha vida todo mundo conhece (&#8230;); gra\u00e7as a Deus n\u00e3o tenho nada a ver com isso&#8221;, registrou o Vereador Marinho, em entrevista a R\u00e1dio Jornal Garanhuns, momentos antes da abordagem Policial. <\/font><font size=\"3\" face=\"Arial\">De acordo com publica\u00e7\u00e3o do <a href=\"http:\/\/g1.globo.com\/pe\/caruaru-regiao\/noticia\/tenente-da-pm-e-preso-durante-operacao-que-busca-suspeitos-de-assalto-a-banco.ghtml\"><b>portal G1<\/b><\/a>, da Globo.com, um Tenente, de 42 anos, da Policia Militar de Pernambuco, de identidade n\u00e3o registrada, tamb\u00e9m teria sido conduzido a Delegacia. <strong><font size=\"2\">Fonte: Blog do Carlos Eug\u00eanio<\/font><\/strong><\/font><\/p>\n<div style=\"margin-top: 0px; margin-bottom: 0px;\" class=\"sharethis-inline-share-buttons\" ><\/div>","protected":false},"excerpt":{"rendered":"<p>A Pol\u00edcia Civil de Pernambuco ainda n\u00e3o se pronunciou, via coletiva, sobre os desdobramentos da Opera\u00e7\u00e3o sem Fronteiras, que deflagrou a pris\u00e3o de supostos integrantes de Organiza\u00e7\u00e3o Criminosa voltada para Assaltos a banco e roubo de carga e carros e trafico de drogas, aqui em Pernambuco e tamb\u00e9m no estado de Alagoas. Em nota distribu\u00edda [&hellip;]<\/p>\n","protected":false},"author":1,"featured_media":0,"comment_status":"open","ping_status":"open","sticky":false,"template":"","format":"standard","meta":{"footnotes":""},"categories":[2],"tags":[],"class_list":["post-3364","post","type-post","status-publish","format-standard","hentry","category-noticias-do-dia"],"_links":{"self":[{"href":"https:\/\/www.saloanoticias.com\/v1\/wp-json\/wp\/v2\/posts\/3364","targetHints":{"allow":["GET"]}}],"collection":[{"href":"https:\/\/www.saloanoticias.com\/v1\/wp-json\/wp\/v2\/posts"}],"about":[{"href":"https:\/\/www.saloanoticias.com\/v1\/wp-json\/wp\/v2\/types\/post"}],"author":[{"embeddable":true,"href":"https:\/\/www.saloanoticias.com\/v1\/wp-json\/wp\/v2\/users\/1"}],"replies":[{"embeddable":true,"href":"https:\/\/www.saloanoticias.com\/v1\/wp-json\/wp\/v2\/comments?post=3364"}],"version-history":[{"count":0,"href":"https:\/\/www.saloanoticias.com\/v1\/wp-json\/wp\/v2\/posts\/3364\/revisions"}],"wp:attachment":[{"href":"https:\/\/www.saloanoticias.com\/v1\/wp-json\/wp\/v2\/media?parent=3364"}],"wp:term":[{"taxonomy":"category","embeddable":true,"href":"https:\/\/www.saloanoticias.com\/v1\/wp-json\/wp\/v2\/categories?post=3364"},{"taxonomy":"post_tag","embeddable":true,"href":"https:\/\/www.saloanoticias.com\/v1\/wp-json\/wp\/v2\/tags?post=3364"}],"curies":[{"name":"wp","href":"https:\/\/api.w.org\/{rel}","templated":true}]}}