{"id":3363,"date":"2017-05-09T23:00:00","date_gmt":"2017-05-09T23:00:00","guid":{"rendered":"https:\/\/saloanoticias.mrmediaweb.com\/v1\/2017\/05\/09\/saiu-a-programacao-oficial-do-sao-joao-da-uniao-2017-em-saloa-com-exclusividade\/"},"modified":"2017-05-09T23:00:00","modified_gmt":"2017-05-09T23:00:00","slug":"saiu-a-programacao-oficial-do-sao-joao-da-uniao-2017-em-saloa-com-exclusividade","status":"publish","type":"post","link":"https:\/\/www.saloanoticias.com\/v1\/saiu-a-programacao-oficial-do-sao-joao-da-uniao-2017-em-saloa-com-exclusividade\/","title":{"rendered":"PROGRAMA\u00c7\u00c3O OFICIAL DO S\u00c3O JO\u00c3O DA UNI\u00c3O 2017 EM SALO\u00c1 COM EXCLUSIVIDADE"},"content":{"rendered":"<p align=\"justify\"><font size=\"3\" face=\"Arial\"><a href=\"http:\/\/www.saloanoticias.com\/images\/figura1_b988cc11a315930966e3543d5b41e469.jpg\"><img loading=\"lazy\" decoding=\"async\" title=\"Figura1\" style=\"border-top: 0px; border-right: 0px; background-image: none; border-bottom: 0px; float: none; padding-top: 0px; padding-left: 0px; margin: 0px auto 10px; border-left: 0px; display: block; padding-right: 0px\" border=\"0\" alt=\"Figura1\" src=\"http:\/\/www.saloanoticias.com\/v1\/wp-content\/uploads\/imagens\/figura1_thumb_a23a145c765e2b2048138555c906f59d.jpg\" width=\"1464\" height=\"953\"><\/a>Finalmente saiu a programa\u00e7\u00e3o oficial do S\u00e3o Jo\u00e3o da Uni\u00e3o 2017 na cidade de Salo\u00e1\/PE. Voc\u00ea confere agora com exclusividade aqui no Blog Salo\u00e1 Not\u00edcias a lista completa com os nomes dos cantores e bandas que se apresentar\u00e3o na Pra\u00e7a S\u00e3o Vicente e na Vila de Iatec\u00e1, locais que tradicionalmente acontecem os eventos. A Prefeitura da cidade fez quest\u00e3o de trazer grandes nomes da m\u00fasica popular brasileira para animar a festa. Ent\u00e3o n\u00e3o perca mais tempo, veja seu cantor preferido e fa\u00e7a sua programa\u00e7\u00e3o para participar deste grande evento:<\/font><\/p>\n<p align=\"center\"><strong><u><font size=\"5\">S\u00c3O JO\u00c3O DA UNI\u00c3O 2017 EM SALO\u00c1\/PE<\/font><\/u><\/strong> <\/p>\n<p align=\"center\"><strong><u><font size=\"4\">DIA 17\/06 &#8211; PRA\u00c7A S\u00c3O VICENTE<\/font><\/u><\/strong>  <\/p>\n<p align=\"center\"><strong><font color=\"#ff0000\" size=\"5\">VICENTE NERY<\/font><\/strong>  <\/p>\n<p align=\"center\"><strong><u><font size=\"4\">DIA 24\/06 &#8211;&nbsp; PRA\u00c7A S\u00c3O VICENTE<\/font><\/u><\/strong>  <\/p>\n<p align=\"center\"><strong><font color=\"#ff0000\" size=\"5\">FORR\u00d3 VUMBORA<\/font><\/strong>  <\/p>\n<p align=\"center\"><strong><font color=\"#ff0000\" size=\"5\">M\u00d4NICA ALMEIDA<\/font><\/strong>  <\/p>\n<p align=\"center\"><strong><u><font size=\"4\">DIA 25\/06 &#8211; VILA DE IATEC\u00c1 (PRATA)<\/font><\/u><\/strong>  <\/p>\n<p align=\"center\"><strong><font color=\"#ff0000\" size=\"5\">AMAZAN<\/font><\/strong>  <\/p>\n<p align=\"center\"><strong><u><font size=\"4\">DIA 30\/06 \u2013 PRA\u00c7A S\u00c3O VICENTE &#8211; ENCERRAMENTO<\/font><\/u><\/strong>  <\/p>\n<p align=\"center\"><strong><font color=\"#ff0000\" size=\"5\">L\u00c9O MAGALH\u00c3ES<\/font><\/strong><\/p>\n<div style=\"margin-top: 0px; margin-bottom: 0px;\" class=\"sharethis-inline-share-buttons\" ><\/div>","protected":false},"excerpt":{"rendered":"<p>Finalmente saiu a programa\u00e7\u00e3o oficial do S\u00e3o Jo\u00e3o da Uni\u00e3o 2017 na cidade de Salo\u00e1\/PE. Voc\u00ea confere agora com exclusividade aqui no Blog Salo\u00e1 Not\u00edcias a lista completa com os nomes dos cantores e bandas que se apresentar\u00e3o na Pra\u00e7a S\u00e3o Vicente e na Vila de Iatec\u00e1, locais que tradicionalmente acontecem os eventos. A Prefeitura [&hellip;]<\/p>\n","protected":false},"author":1,"featured_media":0,"comment_status":"open","ping_status":"open","sticky":false,"template":"","format":"standard","meta":{"footnotes":""},"categories":[2],"tags":[],"class_list":["post-3363","post","type-post","status-publish","format-standard","hentry","category-noticias-do-dia"],"_links":{"self":[{"href":"https:\/\/www.saloanoticias.com\/v1\/wp-json\/wp\/v2\/posts\/3363","targetHints":{"allow":["GET"]}}],"collection":[{"href":"https:\/\/www.saloanoticias.com\/v1\/wp-json\/wp\/v2\/posts"}],"about":[{"href":"https:\/\/www.saloanoticias.com\/v1\/wp-json\/wp\/v2\/types\/post"}],"author":[{"embeddable":true,"href":"https:\/\/www.saloanoticias.com\/v1\/wp-json\/wp\/v2\/users\/1"}],"replies":[{"embeddable":true,"href":"https:\/\/www.saloanoticias.com\/v1\/wp-json\/wp\/v2\/comments?post=3363"}],"version-history":[{"count":0,"href":"https:\/\/www.saloanoticias.com\/v1\/wp-json\/wp\/v2\/posts\/3363\/revisions"}],"wp:attachment":[{"href":"https:\/\/www.saloanoticias.com\/v1\/wp-json\/wp\/v2\/media?parent=3363"}],"wp:term":[{"taxonomy":"category","embeddable":true,"href":"https:\/\/www.saloanoticias.com\/v1\/wp-json\/wp\/v2\/categories?post=3363"},{"taxonomy":"post_tag","embeddable":true,"href":"https:\/\/www.saloanoticias.com\/v1\/wp-json\/wp\/v2\/tags?post=3363"}],"curies":[{"name":"wp","href":"https:\/\/api.w.org\/{rel}","templated":true}]}}