{"id":3361,"date":"2017-05-09T11:51:00","date_gmt":"2017-05-09T11:51:00","guid":{"rendered":"https:\/\/saloanoticias.mrmediaweb.com\/v1\/2017\/05\/09\/ministro-da-educacao-mendonca-filho-recebe-ricardo-e-libera-recursos-para-construcao-da-creche-da-prata-conclusao-de-escolas-e-construcao-de-quadras-de-esportes\/"},"modified":"2017-05-09T11:51:00","modified_gmt":"2017-05-09T11:51:00","slug":"ministro-da-educacao-mendonca-filho-recebe-ricardo-e-libera-recursos-para-construcao-da-creche-da-prata-conclusao-de-escolas-e-construcao-de-quadras-de-esportes","status":"publish","type":"post","link":"https:\/\/www.saloanoticias.com\/v1\/ministro-da-educacao-mendonca-filho-recebe-ricardo-e-libera-recursos-para-construcao-da-creche-da-prata-conclusao-de-escolas-e-construcao-de-quadras-de-esportes\/","title":{"rendered":"MINISTRO DA EDUCA\u00c7\u00c3O MENDON\u00c7A FILHO RECEBE RICARDO E LIBERA RECURSOS PARA CONSTRU\u00c7\u00c3O DA NOVA CRECHE DA PRATA, CONCLUS\u00c3O DE ESCOLAS E CONSTRU\u00c7\u00c3O DE QUADRAS DE ESPORTES NA ZONA RURAL"},"content":{"rendered":"<p align=\"justify\"><font size=\"3\" face=\"Arial\"><a href=\"http:\/\/www.saloanoticias.com\/images\/ricardo-e-mendocinha.jpg\"><img loading=\"lazy\" decoding=\"async\" title=\"ricardo e mendocinha\" style=\"border-top: 0px; border-right: 0px; background-image: none; border-bottom: 0px; float: none; padding-top: 0px; padding-left: 0px; margin: 0px auto 10px; border-left: 0px; display: block; padding-right: 0px\" border=\"0\" alt=\"ricardo e mendocinha\" src=\"http:\/\/www.saloanoticias.com\/v1\/wp-content\/uploads\/imagens\/ricardo-e-mendocinha_thumb.jpg\" width=\"1444\" height=\"1052\"><\/a>O Blog Salo\u00e1 Not\u00edcias vem postando nos \u00faltimos dias mat\u00e9rias sobre o resultado da visita do prefeito Ricardo Alves (PMDB) \u00e0 Bras\u00edlia, viajem que aconteceu no in\u00edcio da semana passada e que teve um saldo bastante positivo, j\u00e1 que o gestor visitou v\u00e1rios minist\u00e9rios e secretarias em buscas de recursos para o munic\u00edpio. Dando continuidade a sua extensa agenda, Ricardo teve outro encontro bastante significativo, desta vez com o ministro da educa\u00e7\u00e3o, o pernambucano Mendon\u00e7a Filho (PSDB). Com este, ele conseguiu verbas para a conclus\u00e3o da escola do povoado Serrinha da Prata e a do bairro Cohab Nova.<\/font><\/p>\n<p align=\"justify\"><font size=\"3\" face=\"Arial\">Essas duas obras j\u00e1 est\u00e3o em pleno andamento e devem receber um plus com o advento dessas verbas e dever\u00e3o ser conclu\u00eddas em pouco espa\u00e7o de tempo. A escola da Serrinha \u00e9 uma das mais aguardadas pela popula\u00e7\u00e3o j\u00e1 que vai facilitar as condi\u00e7\u00f5es de estudos aos jovens daquela regi\u00e3o, evitando que os mesmos se desloquem para a Prata para estudar. Outra a\u00e7\u00e3o bastante comemorada pelo prefeito foi a viabiliza\u00e7\u00e3o por parta de Mendon\u00e7a Filho da Constru\u00e7\u00e3o da creche da Prata.<\/font><\/p>\n<p align=\"justify\"><font size=\"3\" face=\"Arial\">A creche na Prata vai possibilitar mais conforto e disponibilidade aos pais que trabalham durante o dia na comunidade, que poder\u00e3o deixar seus filhos aos cuidados de pessoas capacitadas e em um ambiente seguro, tranquilo e confort\u00e1vel. Para Ricardo esta \u00e9 uma das maiores conquistas para o munic\u00edpio. Al\u00e9m dessas importantes a\u00e7\u00f5es, o ministro aceitou a solicita\u00e7\u00e3o do prefeito e autorizou verbas para constru\u00e7\u00e3o de pelo menos 3 quadras poliesportivas na zona rural do munic\u00edpio, mas, os locais ainda ser\u00e3o avaliados e definidos pela prefeitura. O prefeito da pequena Salo\u00e1\/PE veio de bagagem cheia da capital do Brasil.<\/font><\/p>\n<div style=\"margin-top: 0px; margin-bottom: 0px;\" class=\"sharethis-inline-share-buttons\" ><\/div>","protected":false},"excerpt":{"rendered":"<p>O Blog Salo\u00e1 Not\u00edcias vem postando nos \u00faltimos dias mat\u00e9rias sobre o resultado da visita do prefeito Ricardo Alves (PMDB) \u00e0 Bras\u00edlia, viajem que aconteceu no in\u00edcio da semana passada e que teve um saldo bastante positivo, j\u00e1 que o gestor visitou v\u00e1rios minist\u00e9rios e secretarias em buscas de recursos para o munic\u00edpio. Dando continuidade [&hellip;]<\/p>\n","protected":false},"author":1,"featured_media":0,"comment_status":"open","ping_status":"open","sticky":false,"template":"","format":"standard","meta":{"footnotes":""},"categories":[2],"tags":[],"class_list":["post-3361","post","type-post","status-publish","format-standard","hentry","category-noticias-do-dia"],"_links":{"self":[{"href":"https:\/\/www.saloanoticias.com\/v1\/wp-json\/wp\/v2\/posts\/3361","targetHints":{"allow":["GET"]}}],"collection":[{"href":"https:\/\/www.saloanoticias.com\/v1\/wp-json\/wp\/v2\/posts"}],"about":[{"href":"https:\/\/www.saloanoticias.com\/v1\/wp-json\/wp\/v2\/types\/post"}],"author":[{"embeddable":true,"href":"https:\/\/www.saloanoticias.com\/v1\/wp-json\/wp\/v2\/users\/1"}],"replies":[{"embeddable":true,"href":"https:\/\/www.saloanoticias.com\/v1\/wp-json\/wp\/v2\/comments?post=3361"}],"version-history":[{"count":0,"href":"https:\/\/www.saloanoticias.com\/v1\/wp-json\/wp\/v2\/posts\/3361\/revisions"}],"wp:attachment":[{"href":"https:\/\/www.saloanoticias.com\/v1\/wp-json\/wp\/v2\/media?parent=3361"}],"wp:term":[{"taxonomy":"category","embeddable":true,"href":"https:\/\/www.saloanoticias.com\/v1\/wp-json\/wp\/v2\/categories?post=3361"},{"taxonomy":"post_tag","embeddable":true,"href":"https:\/\/www.saloanoticias.com\/v1\/wp-json\/wp\/v2\/tags?post=3361"}],"curies":[{"name":"wp","href":"https:\/\/api.w.org\/{rel}","templated":true}]}}