{"id":3360,"date":"2017-05-08T21:44:00","date_gmt":"2017-05-08T21:44:00","guid":{"rendered":"https:\/\/saloanoticias.mrmediaweb.com\/v1\/2017\/05\/08\/escola-manoel-thiago-mendes-vivencia-semana-de-nacional-de-matematica\/"},"modified":"2017-05-08T21:44:00","modified_gmt":"2017-05-08T21:44:00","slug":"escola-manoel-thiago-mendes-vivencia-semana-de-nacional-de-matematica","status":"publish","type":"post","link":"https:\/\/www.saloanoticias.com\/v1\/escola-manoel-thiago-mendes-vivencia-semana-de-nacional-de-matematica\/","title":{"rendered":"ESCOLA MANOEL THIAGO MENDES VIVENCIA SEMANA NACIONAL DE MATEM\u00c1TICA"},"content":{"rendered":"<p align=\"justify\"><font size=\"3\" face=\"Arial\"><a href=\"http:\/\/www.saloanoticias.com\/images\/thumbnail_img_4587_07e30ee03312faf3e3585dbd90b11fea.jpg\"><img loading=\"lazy\" decoding=\"async\" title=\"thumbnail_IMG_4587\" style=\"border-left-width: 0px; border-right-width: 0px; background-image: none; border-bottom-width: 0px; float: none; padding-top: 0px; padding-left: 0px; margin: 0px auto 10px; display: block; padding-right: 0px; border-top-width: 0px\" border=\"0\" alt=\"thumbnail_IMG_4587\" src=\"http:\/\/www.saloanoticias.com\/v1\/wp-content\/uploads\/imagens\/thumbnail_img_4587_thumb_fdbd4d1702b70dda8afcdc11be385250.jpg\" width=\"1515\" height=\"927\"><\/a>A Escola Intermedi\u00e1ria Manoel Thiago Mendes da vila de Iatec\u00e1 estar\u00e1 vivenciando entre os dias 5 a 11 de maio a \u201cSemana Nacional de Matem\u00e1tica\u201d. Ser\u00e3o dias de atividades voltadas ao est\u00edmulo dos alunos para o assunto das exatas atrav\u00e9s de gincanas, par\u00f3dias de matem\u00e1tica, brincadeiras de passa ou repassa e entrega de premia\u00e7\u00e3o aos vencedores. Segundo a coordenadora da escola, professora Anne Danielle, ser\u00e3o dias de muito aproveitamento para professores e alunos.<\/font>  <\/p>\n<p align=\"justify\"><a href=\"http:\/\/www.saloanoticias.com\/images\/18301976_821460564687643_5615768269568350873_n.jpg\"><img loading=\"lazy\" decoding=\"async\" title=\"18301976_821460564687643_5615768269568350873_n\" style=\"border-left-width: 0px; border-right-width: 0px; background-image: none; border-bottom-width: 0px; float: none; padding-top: 0px; padding-left: 0px; margin-left: auto; display: block; padding-right: 0px; border-top-width: 0px; margin-right: auto\" border=\"0\" alt=\"18301976_821460564687643_5615768269568350873_n\" src=\"http:\/\/www.saloanoticias.com\/v1\/wp-content\/uploads\/imagens\/18301976_821460564687643_5615768269568350873_n_thumb.jpg\" width=\"1521\" height=\"1141\"><\/a>  <\/p>\n<p align=\"justify\"><font size=\"3\" face=\"Arial\">O Dia da Matem\u00e1tica \u00e9 uma data h\u00e1 tempos comemorada informalmente pela Sociedade Brasileira de Educa\u00e7\u00e3o de Matem\u00e1tica (SBEM). Essa comemora\u00e7\u00e3o \u00e9 feita a cada 6 de maio como uma homenagem ao matem\u00e1tico, escritor e educador brasileiro J\u00falio C\u00e9sar de Mello e Souza, mais conhecido como Malba Tahan. <\/font><font size=\"3\" face=\"Arial\">A n\u00edvel nacional, a ent\u00e3o deputada Raquel Teixeira foi a respons\u00e1vel por apresentar um projeto de lei, em 5 de maio de 2004, para instituir o \u201cDia Nacional da Matem\u00e1tica\u201d.<\/font>  <\/p>\n<p align=\"justify\"><font size=\"3\" face=\"Arial\">O objetivo era que o Minist\u00e9rio da Educa\u00e7\u00e3o e da Cultura incentivassem atividades culturais e educativas nessa data. A proposta de Raquel determinava um momento para refletir a educa\u00e7\u00e3o matem\u00e1tica, incentivando os professores e estudantes a cultivar a cultura e o saber. Apenas em 26 de junho de 2013 a Presidenta da Rep\u00fablica, Dilma Rousseff, sancionou a lei n\u00b0 12.835, que instituiu, oficialmente, o Dia Nacional da Matem\u00e1tica, que deve ser comemorado anualmente em todo o territ\u00f3rio nacional em 06 de maio.<\/font><\/p>\n<div style=\"margin-top: 0px; margin-bottom: 0px;\" class=\"sharethis-inline-share-buttons\" ><\/div>","protected":false},"excerpt":{"rendered":"<p>A Escola Intermedi\u00e1ria Manoel Thiago Mendes da vila de Iatec\u00e1 estar\u00e1 vivenciando entre os dias 5 a 11 de maio a \u201cSemana Nacional de Matem\u00e1tica\u201d. Ser\u00e3o dias de atividades voltadas ao est\u00edmulo dos alunos para o assunto das exatas atrav\u00e9s de gincanas, par\u00f3dias de matem\u00e1tica, brincadeiras de passa ou repassa e entrega de premia\u00e7\u00e3o aos [&hellip;]<\/p>\n","protected":false},"author":1,"featured_media":0,"comment_status":"open","ping_status":"open","sticky":false,"template":"","format":"standard","meta":{"footnotes":""},"categories":[2],"tags":[],"class_list":["post-3360","post","type-post","status-publish","format-standard","hentry","category-noticias-do-dia"],"_links":{"self":[{"href":"https:\/\/www.saloanoticias.com\/v1\/wp-json\/wp\/v2\/posts\/3360","targetHints":{"allow":["GET"]}}],"collection":[{"href":"https:\/\/www.saloanoticias.com\/v1\/wp-json\/wp\/v2\/posts"}],"about":[{"href":"https:\/\/www.saloanoticias.com\/v1\/wp-json\/wp\/v2\/types\/post"}],"author":[{"embeddable":true,"href":"https:\/\/www.saloanoticias.com\/v1\/wp-json\/wp\/v2\/users\/1"}],"replies":[{"embeddable":true,"href":"https:\/\/www.saloanoticias.com\/v1\/wp-json\/wp\/v2\/comments?post=3360"}],"version-history":[{"count":0,"href":"https:\/\/www.saloanoticias.com\/v1\/wp-json\/wp\/v2\/posts\/3360\/revisions"}],"wp:attachment":[{"href":"https:\/\/www.saloanoticias.com\/v1\/wp-json\/wp\/v2\/media?parent=3360"}],"wp:term":[{"taxonomy":"category","embeddable":true,"href":"https:\/\/www.saloanoticias.com\/v1\/wp-json\/wp\/v2\/categories?post=3360"},{"taxonomy":"post_tag","embeddable":true,"href":"https:\/\/www.saloanoticias.com\/v1\/wp-json\/wp\/v2\/tags?post=3360"}],"curies":[{"name":"wp","href":"https:\/\/api.w.org\/{rel}","templated":true}]}}