{"id":3359,"date":"2017-05-08T10:00:00","date_gmt":"2017-05-08T10:00:00","guid":{"rendered":"https:\/\/saloanoticias.mrmediaweb.com\/v1\/2017\/05\/08\/com-apoio-do-senador-fernando-bezerra-coelho-ricardo-alves-consegue-recurso-para-construcao-da-sede-do-cras-e-creas\/"},"modified":"2017-05-08T10:00:00","modified_gmt":"2017-05-08T10:00:00","slug":"com-apoio-do-senador-fernando-bezerra-coelho-ricardo-alves-consegue-recurso-para-construcao-da-sede-do-cras-e-creas","status":"publish","type":"post","link":"https:\/\/www.saloanoticias.com\/v1\/com-apoio-do-senador-fernando-bezerra-coelho-ricardo-alves-consegue-recurso-para-construcao-da-sede-do-cras-e-creas\/","title":{"rendered":"ATRAV\u00c9S DO SENADOR FERNANDO BEZERRA COELHO, RICARDO CONSEGUIU RECURSOS PARA CONSTRU\u00c7\u00c3O DAS SEDES DO CRAS E DO CREAS EM SALO\u00c1"},"content":{"rendered":"<p align=\"justify\"><font size=\"3\" face=\"Arial\"><a href=\"http:\/\/www.saloanoticias.com\/images\/ricardo-e-fbc_9f2efd7d4e8788f8b9cf2e590668638c.jpg\"><img loading=\"lazy\" decoding=\"async\" title=\"ricardo e fbc\" style=\"border-left-width: 0px; border-right-width: 0px; background-image: none; border-bottom-width: 0px; float: none; padding-top: 0px; padding-left: 0px; margin: 0px auto 10px; display: block; padding-right: 0px; border-top-width: 0px\" border=\"0\" alt=\"ricardo e fbc\" src=\"http:\/\/www.saloanoticias.com\/v1\/wp-content\/uploads\/imagens\/ricardo-e-fbc_thumb_f496b7079cfdceb22386e914fd0d772c.jpg\" width=\"1441\" height=\"927\"><\/a>Outro apoio importante que o prefeito Ricardo Alves (PMDB) teve em Bras\u00edlia\/DF foi o do senador da Rep\u00fablica, Fernando Bezerra Coelho (PSB), que por sua vez, viabilizou atrav\u00e9s de emenda recursos para a constru\u00e7\u00e3o de uma sede pr\u00f3pria para o CRAS e CREAS no munic\u00edpio de Salo\u00e1\/PE. Atualmente esses \u00f3rg\u00e3os funcionam em pr\u00e9dios alugados, mas, com a libera\u00e7\u00e3o dessa verba, o munic\u00edpio passar\u00e1 a ter um gasto a menos com alugu\u00e9is, j\u00e1 que ser\u00e3o erguidos pr\u00e9dios para este fim. O prefeito de Salo\u00e1\/PE foi recebido cordialmente no gabinete do senador onde foi comunicado sobre o assunto.<\/font><\/p>\n<p align=\"justify\"><a href=\"http:\/\/www.saloanoticias.com\/images\/thumbnail_img_4587_6f4125488f7b1292405ab2e11ae8d4cb.jpg\"><img loading=\"lazy\" decoding=\"async\" title=\"thumbnail_IMG_4587\" style=\"border-left-width: 0px; border-right-width: 0px; background-image: none; border-bottom-width: 0px; float: left; padding-top: 0px; padding-left: 0px; margin: 5px 5px 0px 0px; display: inline; padding-right: 0px; border-top-width: 0px\" border=\"0\" alt=\"thumbnail_IMG_4587\" src=\"http:\/\/www.saloanoticias.com\/v1\/wp-content\/uploads\/imagens\/thumbnail_img_4587_thumb_5ab060d1ce6fead17454a0b31ef4dabb.jpg\" width=\"459\" align=\"left\" height=\"306\"><\/a><\/p>\n<p align=\"justify\"><font size=\"3\" face=\"Arial\">Ainda atrav\u00e9s de Fernando Bezerra Coelho, Salo\u00e1 vai receber em breve uma PAM (Patrulha Agr\u00edcola Mecanizada), recurso advindo do Minist\u00e9rio da Agricultura. Essa patrulha \u00e9 composta por trator e v\u00e1rios outros equipamentos agr\u00edcolas que ser\u00e3o bastante \u00fateis para as fam\u00edlias que vivem em minif\u00fandios no munic\u00edpio, principalmente nos tempos de planta\u00e7\u00e3o e cultivo das lavouras. Todas essas a\u00e7\u00f5es foram repassadas ao prefeito no gabinete de FBC na capital federal. Quem esteve neste proveitoso e descontra\u00eddo encontro foi o prefeito de Bom Conselho, Danilo Godoy (PSB). O senador FBC aproveitou ainda a oportunidade para mandar um forte abra\u00e7o para o ex-deputado Manoel Alves, pai do prefeito Ricardo Alves, que foi colega de ALEPE (Assembleia Legislativa de Pernambuco) do senador no passado.<\/font><\/p>\n<div style=\"margin-top: 0px; margin-bottom: 0px;\" class=\"sharethis-inline-share-buttons\" ><\/div>","protected":false},"excerpt":{"rendered":"<p>Outro apoio importante que o prefeito Ricardo Alves (PMDB) teve em Bras\u00edlia\/DF foi o do senador da Rep\u00fablica, Fernando Bezerra Coelho (PSB), que por sua vez, viabilizou atrav\u00e9s de emenda recursos para a constru\u00e7\u00e3o de uma sede pr\u00f3pria para o CRAS e CREAS no munic\u00edpio de Salo\u00e1\/PE. Atualmente esses \u00f3rg\u00e3os funcionam em pr\u00e9dios alugados, mas, [&hellip;]<\/p>\n","protected":false},"author":1,"featured_media":0,"comment_status":"open","ping_status":"open","sticky":false,"template":"","format":"standard","meta":{"footnotes":""},"categories":[2],"tags":[],"class_list":["post-3359","post","type-post","status-publish","format-standard","hentry","category-noticias-do-dia"],"_links":{"self":[{"href":"https:\/\/www.saloanoticias.com\/v1\/wp-json\/wp\/v2\/posts\/3359","targetHints":{"allow":["GET"]}}],"collection":[{"href":"https:\/\/www.saloanoticias.com\/v1\/wp-json\/wp\/v2\/posts"}],"about":[{"href":"https:\/\/www.saloanoticias.com\/v1\/wp-json\/wp\/v2\/types\/post"}],"author":[{"embeddable":true,"href":"https:\/\/www.saloanoticias.com\/v1\/wp-json\/wp\/v2\/users\/1"}],"replies":[{"embeddable":true,"href":"https:\/\/www.saloanoticias.com\/v1\/wp-json\/wp\/v2\/comments?post=3359"}],"version-history":[{"count":0,"href":"https:\/\/www.saloanoticias.com\/v1\/wp-json\/wp\/v2\/posts\/3359\/revisions"}],"wp:attachment":[{"href":"https:\/\/www.saloanoticias.com\/v1\/wp-json\/wp\/v2\/media?parent=3359"}],"wp:term":[{"taxonomy":"category","embeddable":true,"href":"https:\/\/www.saloanoticias.com\/v1\/wp-json\/wp\/v2\/categories?post=3359"},{"taxonomy":"post_tag","embeddable":true,"href":"https:\/\/www.saloanoticias.com\/v1\/wp-json\/wp\/v2\/tags?post=3359"}],"curies":[{"name":"wp","href":"https:\/\/api.w.org\/{rel}","templated":true}]}}