{"id":3358,"date":"2017-05-07T20:00:00","date_gmt":"2017-05-07T20:00:00","guid":{"rendered":"https:\/\/saloanoticias.mrmediaweb.com\/v1\/2017\/05\/07\/guarda-municipal-e-pm-prendem-bruno-magrao-que-tem-mandado-de-prisao\/"},"modified":"2017-05-07T20:00:00","modified_gmt":"2017-05-07T20:00:00","slug":"guarda-municipal-e-pm-prendem-bruno-magrao-que-tem-mandado-de-prisao","status":"publish","type":"post","link":"https:\/\/www.saloanoticias.com\/v1\/guarda-municipal-e-pm-prendem-bruno-magrao-que-tem-mandado-de-prisao\/","title":{"rendered":"GUARDA MUNICIPAL E PM PRENDEM BRUNO MAGR\u00c3O QUE TINHA MANDADOS DE PRIS\u00c3O NO MUNIC\u00cdPIO DE SALO\u00c1\/PE"},"content":{"rendered":"<p align=\"justify\"><a href=\"http:\/\/www.saloanoticias.com\/images\/thumbnail_img_4587_6432ead7cae78f7db232e16c1ee3af57.jpg\"><img loading=\"lazy\" decoding=\"async\" title=\"thumbnail_IMG_4587\" style=\"border-left-width: 0px; border-right-width: 0px; background-image: none; border-bottom-width: 0px; float: left; padding-top: 0px; padding-left: 0px; margin: 5px 5px 10px 0px; display: inline; padding-right: 0px; border-top-width: 0px\" border=\"0\" alt=\"thumbnail_IMG_4587\" src=\"http:\/\/www.saloanoticias.com\/v1\/wp-content\/uploads\/imagens\/thumbnail_img_4587_thumb_0a2d9aff8b03a1af334a2756b0f0a97a.jpg\" width=\"273\" align=\"left\" height=\"258\"><\/a><font size=\"3\" face=\"Arial\">Foi preso em Salo\u00e1 neste s\u00e1bado, dia 6 de maio de 2017, a pessoa de Bruno Pereira da Silva, mais conhecido por Bruno Magr\u00e3o. Contra ele constavam dois mandados de pris\u00e3o expedido pelo juiz da Comarca de Salo\u00e1\/PE. A pris\u00e3o foi realizada pelo Cabo Couto e sua equipe da Guarda Municipal em conjunto com a Pol\u00edcia Militar, que j\u00e1 vinham investigando Bruno Magr\u00e3o h\u00e1 dias. Pelas informa\u00e7\u00f5es repassadas ao Blog, Bruno Magr\u00e3o j\u00e1 estava se preparando para fugir, mas veio a ser preso no centro da cidade neste s\u00e1bado (6). Participaram da pris\u00e3o o Cabo PM Couto, GM Adriano, GM Dami\u00e3o e GM Jo\u00e3o.<\/font><\/p>\n<div style=\"margin-top: 0px; margin-bottom: 0px;\" class=\"sharethis-inline-share-buttons\" ><\/div>","protected":false},"excerpt":{"rendered":"<p>Foi preso em Salo\u00e1 neste s\u00e1bado, dia 6 de maio de 2017, a pessoa de Bruno Pereira da Silva, mais conhecido por Bruno Magr\u00e3o. Contra ele constavam dois mandados de pris\u00e3o expedido pelo juiz da Comarca de Salo\u00e1\/PE. A pris\u00e3o foi realizada pelo Cabo Couto e sua equipe da Guarda Municipal em conjunto com a [&hellip;]<\/p>\n","protected":false},"author":1,"featured_media":0,"comment_status":"open","ping_status":"open","sticky":false,"template":"","format":"standard","meta":{"footnotes":""},"categories":[2],"tags":[],"class_list":["post-3358","post","type-post","status-publish","format-standard","hentry","category-noticias-do-dia"],"_links":{"self":[{"href":"https:\/\/www.saloanoticias.com\/v1\/wp-json\/wp\/v2\/posts\/3358","targetHints":{"allow":["GET"]}}],"collection":[{"href":"https:\/\/www.saloanoticias.com\/v1\/wp-json\/wp\/v2\/posts"}],"about":[{"href":"https:\/\/www.saloanoticias.com\/v1\/wp-json\/wp\/v2\/types\/post"}],"author":[{"embeddable":true,"href":"https:\/\/www.saloanoticias.com\/v1\/wp-json\/wp\/v2\/users\/1"}],"replies":[{"embeddable":true,"href":"https:\/\/www.saloanoticias.com\/v1\/wp-json\/wp\/v2\/comments?post=3358"}],"version-history":[{"count":0,"href":"https:\/\/www.saloanoticias.com\/v1\/wp-json\/wp\/v2\/posts\/3358\/revisions"}],"wp:attachment":[{"href":"https:\/\/www.saloanoticias.com\/v1\/wp-json\/wp\/v2\/media?parent=3358"}],"wp:term":[{"taxonomy":"category","embeddable":true,"href":"https:\/\/www.saloanoticias.com\/v1\/wp-json\/wp\/v2\/categories?post=3358"},{"taxonomy":"post_tag","embeddable":true,"href":"https:\/\/www.saloanoticias.com\/v1\/wp-json\/wp\/v2\/tags?post=3358"}],"curies":[{"name":"wp","href":"https:\/\/api.w.org\/{rel}","templated":true}]}}