{"id":3356,"date":"2017-05-06T12:00:00","date_gmt":"2017-05-06T12:00:00","guid":{"rendered":"https:\/\/saloanoticias.mrmediaweb.com\/v1\/2017\/05\/06\/ministerio-da-saude-libera-dinheiro-para-conclusao-de-ubs-s-em-saloa\/"},"modified":"2017-05-06T12:00:00","modified_gmt":"2017-05-06T12:00:00","slug":"ministerio-da-saude-libera-dinheiro-para-conclusao-de-ubs-s-em-saloa","status":"publish","type":"post","link":"https:\/\/www.saloanoticias.com\/v1\/ministerio-da-saude-libera-dinheiro-para-conclusao-de-ubs-s-em-saloa\/","title":{"rendered":"\u201cMINIST\u00c9RIO DA SA\u00daDE\u201d LIBERA DINHEIRO PARA CONCLUS\u00c3O DE UBS\u2019s EM SALO\u00c1\/PE"},"content":{"rendered":"<p align=\"justify\"><font size=\"3\" face=\"Arial\"><a href=\"http:\/\/www.saloanoticias.com\/images\/ricardo-e-min-educacao_3cf0ea49b65510114fc018e075772595.jpg\"><img loading=\"lazy\" decoding=\"async\" title=\"ricardo e min educacao\" style=\"border-top: 0px; border-right: 0px; background-image: none; border-bottom: 0px; float: none; padding-top: 0px; padding-left: 0px; margin: 0px auto 10px; border-left: 0px; display: block; padding-right: 0px\" border=\"0\" alt=\"ricardo e min educacao\" src=\"http:\/\/www.saloanoticias.com\/v1\/wp-content\/uploads\/imagens\/ricardo-e-min-educacao_thumb_ff4ad25a3a981caac6e475824e5112c0.jpg\" width=\"1533\" height=\"1100\"><\/a>Ainda sobre a visita do prefeito Ricardo \u00e0 capital federal, na quarta-feira (3), o gestor esteve no Minist\u00e9rio da Sa\u00fade e foi recebido pelo ministro Ricardo Barros (PR). Ricardo Alves estava acompanhado pelo deputado federal Fernando Monteiro (PP) em busca de mais recursos para a sa\u00fade do seu munic\u00edpio. Com o apoio deste deputado que tamb\u00e9m faz parte da base aliada do Governador Paulo C\u00e2mara (PSB) no Congresso, o prefeito conseguiu a libera\u00e7\u00e3o de mais dinheiro para a conclus\u00e3o das Unidades B\u00e1sicas de Sa\u00fade do Bairro Cohab Nova, na zona urbana da cidade, e a do povoado Serrinha da Prata.<\/font><\/p>\n<p align=\"justify\"><a href=\"http:\/\/www.saloanoticias.com\/images\/ricardo-e-fernando-monteiro_e67da084a299092890e59f61f7b3c73d.jpg\"><img loading=\"lazy\" decoding=\"async\" title=\"ricardo e fernando monteiro\" style=\"border-top: 0px; border-right: 0px; background-image: none; border-bottom: 0px; float: right; padding-top: 0px; padding-left: 0px; margin: 5px 0px 0px 5px; border-left: 0px; display: inline; padding-right: 0px\" border=\"0\" alt=\"ricardo e fernando monteiro\" src=\"http:\/\/www.saloanoticias.com\/v1\/wp-content\/uploads\/imagens\/ricardo-e-fernando-monteiro_thumb_10fa25a985507b94979cf363fb96abfc.jpg\" width=\"231\" align=\"right\" height=\"190\"><\/a><\/p>\n<p align=\"justify\"><font size=\"3\" face=\"Arial\">Al\u00e9m destas duas, o ministro Ricardo Barros disponibilizou recursos para as reformas dos postos de sa\u00fade do povoado Gigante, Catimbau e o da V\u00e1rzea da Serra, todas na zona rural. O prefeito acredita que com estes investimentos a sa\u00fade em Salo\u00e1\/PE vai continuar dando um salto em qualidade, levando mais atendimentos \u00e0 comunidades. \u201cVamos continuar investindo na sa\u00fade nos quatro cantos&nbsp; do munic\u00edpio\u201d, destacou o prefeito, que ainda nos informou que tem muitas outras a\u00e7\u00f5es para anunciar \u00e0 popula\u00e7\u00e3o nos pr\u00f3ximos dias.<\/font><\/p>\n<div style=\"margin-top: 0px; margin-bottom: 0px;\" class=\"sharethis-inline-share-buttons\" ><\/div>","protected":false},"excerpt":{"rendered":"<p>Ainda sobre a visita do prefeito Ricardo \u00e0 capital federal, na quarta-feira (3), o gestor esteve no Minist\u00e9rio da Sa\u00fade e foi recebido pelo ministro Ricardo Barros (PR). Ricardo Alves estava acompanhado pelo deputado federal Fernando Monteiro (PP) em busca de mais recursos para a sa\u00fade do seu munic\u00edpio. Com o apoio deste deputado que [&hellip;]<\/p>\n","protected":false},"author":1,"featured_media":0,"comment_status":"open","ping_status":"open","sticky":false,"template":"","format":"standard","meta":{"footnotes":""},"categories":[2],"tags":[],"class_list":["post-3356","post","type-post","status-publish","format-standard","hentry","category-noticias-do-dia"],"_links":{"self":[{"href":"https:\/\/www.saloanoticias.com\/v1\/wp-json\/wp\/v2\/posts\/3356","targetHints":{"allow":["GET"]}}],"collection":[{"href":"https:\/\/www.saloanoticias.com\/v1\/wp-json\/wp\/v2\/posts"}],"about":[{"href":"https:\/\/www.saloanoticias.com\/v1\/wp-json\/wp\/v2\/types\/post"}],"author":[{"embeddable":true,"href":"https:\/\/www.saloanoticias.com\/v1\/wp-json\/wp\/v2\/users\/1"}],"replies":[{"embeddable":true,"href":"https:\/\/www.saloanoticias.com\/v1\/wp-json\/wp\/v2\/comments?post=3356"}],"version-history":[{"count":0,"href":"https:\/\/www.saloanoticias.com\/v1\/wp-json\/wp\/v2\/posts\/3356\/revisions"}],"wp:attachment":[{"href":"https:\/\/www.saloanoticias.com\/v1\/wp-json\/wp\/v2\/media?parent=3356"}],"wp:term":[{"taxonomy":"category","embeddable":true,"href":"https:\/\/www.saloanoticias.com\/v1\/wp-json\/wp\/v2\/categories?post=3356"},{"taxonomy":"post_tag","embeddable":true,"href":"https:\/\/www.saloanoticias.com\/v1\/wp-json\/wp\/v2\/tags?post=3356"}],"curies":[{"name":"wp","href":"https:\/\/api.w.org\/{rel}","templated":true}]}}