{"id":3354,"date":"2017-05-05T17:40:00","date_gmt":"2017-05-05T17:40:00","guid":{"rendered":"https:\/\/saloanoticias.mrmediaweb.com\/v1\/2017\/05\/05\/homem-e-assassinado-na-zona-rural-de-saloa-na-manha-desta-sexta-5\/"},"modified":"2017-05-05T17:40:00","modified_gmt":"2017-05-05T17:40:00","slug":"homem-e-assassinado-na-zona-rural-de-saloa-na-manha-desta-sexta-5","status":"publish","type":"post","link":"https:\/\/www.saloanoticias.com\/v1\/homem-e-assassinado-na-zona-rural-de-saloa-na-manha-desta-sexta-5\/","title":{"rendered":"HOMEM \u00c9 ASSASSINADO NA ZONA RURAL DE SALO\u00c1 NA MANH\u00c3 DESTA SEXTA-FEIRA (5)"},"content":{"rendered":"<p align=\"justify\"><font size=\"3\" face=\"Arial\"><a href=\"http:\/\/www.saloanoticias.com\/images\/homicidio-saloa-agreste-violento-_29a940e90a71bd1b878a9527e9ad50f8.jpg\"><img loading=\"lazy\" decoding=\"async\" title=\"homicidio-saloa-agreste-violento-\" style=\"border-top: 0px; border-right: 0px; background-image: none; border-bottom: 0px; float: none; padding-top: 0px; padding-left: 0px; margin: 0px auto 10px; border-left: 0px; display: block; padding-right: 0px\" border=\"0\" alt=\"homicidio-saloa-agreste-violento-\" src=\"http:\/\/www.saloanoticias.com\/v1\/wp-content\/uploads\/imagens\/homicidio-saloa-agreste-violento-_thumb_194dc375848458d476bd88adcc95aba4.jpg\" width=\"1485\" height=\"972\"><\/a>Um homem de aproximadamente 50 anos de idade, conhecido por C\u00e2ndido, morador do s\u00edtio Camaratuba da Prata na zona rural de Salo\u00e1, foi assassinado na manh\u00e3 desta sexta-feira, dia 5 de maio de 2017, com v\u00e1rios tiros de arma de fogo. Pelas informa\u00e7\u00f5es repassadas ao Blog por moradores da regi\u00e3o, a v\u00edtima era muito tranquila, mas, ultimamente estava viajando muito para os lados do Estado de Alagoas. O crime aconteceu na manh\u00e3 desta sexta quando C\u00e2ndido saia de casa em sua motocicleta com destino a cidade de Bom Conselho, onde iria emplacar a moto.<\/font><\/p>\n<p align=\"justify\"><font size=\"3\" face=\"Arial\">Ningu\u00e9m viu o momento dos disparos e o corpo foi encontrado por pessoas que passavam pela estrada que d\u00e1 acesso da Camaratuba para o povoado Serrinha da Prata. A Pol\u00edcia Civil foi acionada e fez os primeiros levantamentos na cena do crime e encaminhou o corpo para o IML de Caruaru. As investiga\u00e7\u00f5es deste homic\u00eddio ser\u00e3o feitas pelo delegado Dr. Alisson C\u00e2mara e sua equipe de agentes. Esse foi o segundo homic\u00eddio no munic\u00edpio de Salo\u00e1 no ano de 2017. <strong><font size=\"2\">Foto: Agreste Violento<\/font><\/strong><\/font><\/p>\n<div style=\"margin-top: 0px; margin-bottom: 0px;\" class=\"sharethis-inline-share-buttons\" ><\/div>","protected":false},"excerpt":{"rendered":"<p>Um homem de aproximadamente 50 anos de idade, conhecido por C\u00e2ndido, morador do s\u00edtio Camaratuba da Prata na zona rural de Salo\u00e1, foi assassinado na manh\u00e3 desta sexta-feira, dia 5 de maio de 2017, com v\u00e1rios tiros de arma de fogo. Pelas informa\u00e7\u00f5es repassadas ao Blog por moradores da regi\u00e3o, a v\u00edtima era muito tranquila, [&hellip;]<\/p>\n","protected":false},"author":1,"featured_media":0,"comment_status":"open","ping_status":"open","sticky":false,"template":"","format":"standard","meta":{"footnotes":""},"categories":[2],"tags":[],"class_list":["post-3354","post","type-post","status-publish","format-standard","hentry","category-noticias-do-dia"],"_links":{"self":[{"href":"https:\/\/www.saloanoticias.com\/v1\/wp-json\/wp\/v2\/posts\/3354","targetHints":{"allow":["GET"]}}],"collection":[{"href":"https:\/\/www.saloanoticias.com\/v1\/wp-json\/wp\/v2\/posts"}],"about":[{"href":"https:\/\/www.saloanoticias.com\/v1\/wp-json\/wp\/v2\/types\/post"}],"author":[{"embeddable":true,"href":"https:\/\/www.saloanoticias.com\/v1\/wp-json\/wp\/v2\/users\/1"}],"replies":[{"embeddable":true,"href":"https:\/\/www.saloanoticias.com\/v1\/wp-json\/wp\/v2\/comments?post=3354"}],"version-history":[{"count":0,"href":"https:\/\/www.saloanoticias.com\/v1\/wp-json\/wp\/v2\/posts\/3354\/revisions"}],"wp:attachment":[{"href":"https:\/\/www.saloanoticias.com\/v1\/wp-json\/wp\/v2\/media?parent=3354"}],"wp:term":[{"taxonomy":"category","embeddable":true,"href":"https:\/\/www.saloanoticias.com\/v1\/wp-json\/wp\/v2\/categories?post=3354"},{"taxonomy":"post_tag","embeddable":true,"href":"https:\/\/www.saloanoticias.com\/v1\/wp-json\/wp\/v2\/tags?post=3354"}],"curies":[{"name":"wp","href":"https:\/\/api.w.org\/{rel}","templated":true}]}}