{"id":3353,"date":"2017-05-04T22:00:00","date_gmt":"2017-05-04T22:00:00","guid":{"rendered":"https:\/\/saloanoticias.mrmediaweb.com\/v1\/2017\/05\/04\/ricardo-alves-consegue-100-casas-populares-para-o-municipio-de-saloa\/"},"modified":"2017-05-04T22:00:00","modified_gmt":"2017-05-04T22:00:00","slug":"ricardo-alves-consegue-100-casas-populares-para-o-municipio-de-saloa","status":"publish","type":"post","link":"https:\/\/www.saloanoticias.com\/v1\/ricardo-alves-consegue-100-casas-populares-para-o-municipio-de-saloa\/","title":{"rendered":"PREF RICARDO ALVES CONSEGUE 100 CASAS POPULARES PARA O MUNIC\u00cdPIO DE SALO\u00c1"},"content":{"rendered":"<p align=\"justify\"><font size=\"3\" face=\"Arial\"><a href=\"http:\/\/www.saloanoticias.com\/images\/ricardo-3.jpg\"><img loading=\"lazy\" decoding=\"async\" title=\"Ricardo (3)\" style=\"border-top: 0px; border-right: 0px; background-image: none; border-bottom: 0px; float: left; padding-top: 0px; padding-left: 0px; margin: 5px 5px 0px 0px; border-left: 0px; display: inline; padding-right: 0px\" border=\"0\" alt=\"Ricardo (3)\" src=\"http:\/\/www.saloanoticias.com\/v1\/wp-content\/uploads\/imagens\/ricardo-3_thumb.jpg\" width=\"267\" align=\"left\" height=\"240\"><\/a>O prefeito de Salo\u00e1\/PE voltou de Bras\u00edlia\/DF com a bagagem cheia de novidades para a popula\u00e7\u00e3o do seu munic\u00edpio, dentre elas, a aquisi\u00e7\u00e3o de 100 (Cem) casas populares pelo programa \u201cMinha Casa Minha Vida\u201d do Governo Federal. Segundo as informa\u00e7\u00f5es repassadas \u00e0 reda\u00e7\u00e3o deste blog, os projetos de viabilidade e de execu\u00e7\u00e3o j\u00e1 foram entregues pelo prefeito nas m\u00e3os do ministro das cidades, Bruno Ara\u00fajo (PSDB), que se disse bastante interessado na execu\u00e7\u00e3o da obra no menor espa\u00e7o de tempo poss\u00edvel.<\/font><\/p>\n<p align=\"justify\"><a href=\"http:\/\/www.saloanoticias.com\/images\/mf-rindo_9de4501c9ea916611e4e91c8792852f9.jpg\"><img loading=\"lazy\" decoding=\"async\" title=\"mf-rindo\" style=\"border-top: 0px; border-right: 0px; background-image: none; border-bottom: 0px; float: right; padding-top: 0px; padding-left: 0px; margin: 5px 0px 0px 5px; border-left: 0px; display: inline; padding-right: 0px\" border=\"0\" alt=\"mf-rindo\" src=\"http:\/\/www.saloanoticias.com\/v1\/wp-content\/uploads\/imagens\/mf-rindo_thumb_18756aa92793b3c2d13704ef2a9f5f79.jpg\" width=\"183\" align=\"right\" height=\"140\"><\/a><\/p>\n<p align=\"justify\"><font size=\"3\" face=\"Arial\">A constru\u00e7\u00e3o dessas casas ser\u00e1 uma parceria do Munic\u00edpio de Salo\u00e1 junto ao Governo Federal e ter\u00e1 in\u00edcio ainda neste primeiro semestre de 2017. Os locais j\u00e1 foram definidos, ser\u00e3o erguidas 50 casas no Bairro do Jaqueir\u00e3o, local em que a prefeitura j\u00e1 tem um terreno e as outras 50 no Bairro da Cohab Nova, nas proximidades do EREM Monsenhor Jo\u00e3o Marques. Ainda segundo as informa\u00e7\u00f5es vindas do gabinete do prefeito, ser\u00e3o viabilizadas as constru\u00e7\u00f5es de mais casas, al\u00e9m dessas 100, mas somente no segundo semestre deste ano.<\/font><\/p>\n<p align=\"justify\"><font size=\"3\" face=\"Arial\">Uma das exig\u00eancias da prefeitura e que ser\u00e1 observada de perto pelo pr\u00f3prio gestor, \u00e9 a de que s\u00f3 poder\u00e3o receber as chaves destas novas casas aquelas fam\u00edlias que realmente estejam precisando de um lar, ou seja, que n\u00e3o tenham um lugar para morar e vivam de aluguel. Com a constru\u00e7\u00e3o dessas 100 novas unidades habitacionais, o munic\u00edpio tende a diminuir bastante o seu d\u00e9fict de moradias e se enquadra entre as cidades que mais promovem cidadania entre sua popula\u00e7\u00e3o.<\/font><\/p>\n<div style=\"margin-top: 0px; margin-bottom: 0px;\" class=\"sharethis-inline-share-buttons\" ><\/div>","protected":false},"excerpt":{"rendered":"<p>O prefeito de Salo\u00e1\/PE voltou de Bras\u00edlia\/DF com a bagagem cheia de novidades para a popula\u00e7\u00e3o do seu munic\u00edpio, dentre elas, a aquisi\u00e7\u00e3o de 100 (Cem) casas populares pelo programa \u201cMinha Casa Minha Vida\u201d do Governo Federal. Segundo as informa\u00e7\u00f5es repassadas \u00e0 reda\u00e7\u00e3o deste blog, os projetos de viabilidade e de execu\u00e7\u00e3o j\u00e1 foram entregues [&hellip;]<\/p>\n","protected":false},"author":1,"featured_media":0,"comment_status":"open","ping_status":"open","sticky":false,"template":"","format":"standard","meta":{"footnotes":""},"categories":[2],"tags":[],"class_list":["post-3353","post","type-post","status-publish","format-standard","hentry","category-noticias-do-dia"],"_links":{"self":[{"href":"https:\/\/www.saloanoticias.com\/v1\/wp-json\/wp\/v2\/posts\/3353","targetHints":{"allow":["GET"]}}],"collection":[{"href":"https:\/\/www.saloanoticias.com\/v1\/wp-json\/wp\/v2\/posts"}],"about":[{"href":"https:\/\/www.saloanoticias.com\/v1\/wp-json\/wp\/v2\/types\/post"}],"author":[{"embeddable":true,"href":"https:\/\/www.saloanoticias.com\/v1\/wp-json\/wp\/v2\/users\/1"}],"replies":[{"embeddable":true,"href":"https:\/\/www.saloanoticias.com\/v1\/wp-json\/wp\/v2\/comments?post=3353"}],"version-history":[{"count":0,"href":"https:\/\/www.saloanoticias.com\/v1\/wp-json\/wp\/v2\/posts\/3353\/revisions"}],"wp:attachment":[{"href":"https:\/\/www.saloanoticias.com\/v1\/wp-json\/wp\/v2\/media?parent=3353"}],"wp:term":[{"taxonomy":"category","embeddable":true,"href":"https:\/\/www.saloanoticias.com\/v1\/wp-json\/wp\/v2\/categories?post=3353"},{"taxonomy":"post_tag","embeddable":true,"href":"https:\/\/www.saloanoticias.com\/v1\/wp-json\/wp\/v2\/tags?post=3353"}],"curies":[{"name":"wp","href":"https:\/\/api.w.org\/{rel}","templated":true}]}}