{"id":3352,"date":"2017-05-04T02:56:00","date_gmt":"2017-05-04T02:56:00","guid":{"rendered":"https:\/\/saloanoticias.mrmediaweb.com\/v1\/2017\/05\/04\/nota-de-falecimento-carlos-eduardo-de-souza-lucena\/"},"modified":"2017-05-04T02:56:00","modified_gmt":"2017-05-04T02:56:00","slug":"nota-de-falecimento-carlos-eduardo-de-souza-lucena","status":"publish","type":"post","link":"https:\/\/www.saloanoticias.com\/v1\/nota-de-falecimento-carlos-eduardo-de-souza-lucena\/","title":{"rendered":"NOTA FALECIMENTO: CARLOS EDUARDO DE SOUZA LUCENA (D\u00da DE IVAN DO CO\u00caMA)"},"content":{"rendered":"<p align=\"justify\"><font size=\"3\" face=\"Arial\"><a href=\"http:\/\/www.saloanoticias.com\/images\/nota-de-falecimento_5ed50cbed1824b44a67db2875a73b325.png\"><img loading=\"lazy\" decoding=\"async\" title=\"Nota de Falecimento\" style=\"border-top: 0px; border-right: 0px; background-image: none; border-bottom: 0px; float: left; padding-top: 0px; padding-left: 0px; margin: 5px 5px 0px 0px; border-left: 0px; display: inline; padding-right: 0px\" border=\"0\" alt=\"Nota de Falecimento\" src=\"http:\/\/www.saloanoticias.com\/v1\/wp-content\/uploads\/imagens\/nota-de-falecimento_thumb_c6577d652258d121939c08a6212f1757.png\" width=\"313\" align=\"left\" height=\"196\"><\/a>O pai, Gilvan de Freitas Lucena, a m\u00e3e, Maria Helena, os irm\u00e3os, Andr\u00e9 Lucena, Roseane Lucena, Roselanne Lucena e demais familiares, comunicam o falecimento de Carlos Eduardo de Souza Lucena (D\u00fa de Ivan do Co\u00eama), ocorrido na manh\u00e3 desta quarta-feira, dia 3 de maio de 2017, v\u00edtima de um tr\u00e1gico acidente. <\/font><font size=\"3\" face=\"Arial\">A fam\u00edlia comunica ainda que o vel\u00f3rio est\u00e1 sendo realizado na resid\u00eancia da fam\u00edlia que fica no s\u00edtio Co\u00eama, zona rural do munic\u00edpio de Salo\u00e1\/PE.<\/font> <\/p>\n<p align=\"justify\"><font size=\"3\" face=\"Arial\">O sepultamento ser\u00e1 realizado \u00e0s 11h da manh\u00e3 desta quinta-feira (4) no cemit\u00e9rio da vila de Iatec\u00e1. Desde j\u00e1 os parentes e amigos agradecem a todos os que comparecerem a este ato de f\u00e9 e solidariedade crist\u00e3. Eduardo Lucena tinha 33 anos e \u00e9 mais um jovem que parte para a eternidade precocemente.<\/font><\/p>\n<div style=\"margin-top: 0px; margin-bottom: 0px;\" class=\"sharethis-inline-share-buttons\" ><\/div>","protected":false},"excerpt":{"rendered":"<p>O pai, Gilvan de Freitas Lucena, a m\u00e3e, Maria Helena, os irm\u00e3os, Andr\u00e9 Lucena, Roseane Lucena, Roselanne Lucena e demais familiares, comunicam o falecimento de Carlos Eduardo de Souza Lucena (D\u00fa de Ivan do Co\u00eama), ocorrido na manh\u00e3 desta quarta-feira, dia 3 de maio de 2017, v\u00edtima de um tr\u00e1gico acidente. A fam\u00edlia comunica ainda [&hellip;]<\/p>\n","protected":false},"author":1,"featured_media":0,"comment_status":"open","ping_status":"open","sticky":false,"template":"","format":"standard","meta":{"footnotes":""},"categories":[2],"tags":[],"class_list":["post-3352","post","type-post","status-publish","format-standard","hentry","category-noticias-do-dia"],"_links":{"self":[{"href":"https:\/\/www.saloanoticias.com\/v1\/wp-json\/wp\/v2\/posts\/3352","targetHints":{"allow":["GET"]}}],"collection":[{"href":"https:\/\/www.saloanoticias.com\/v1\/wp-json\/wp\/v2\/posts"}],"about":[{"href":"https:\/\/www.saloanoticias.com\/v1\/wp-json\/wp\/v2\/types\/post"}],"author":[{"embeddable":true,"href":"https:\/\/www.saloanoticias.com\/v1\/wp-json\/wp\/v2\/users\/1"}],"replies":[{"embeddable":true,"href":"https:\/\/www.saloanoticias.com\/v1\/wp-json\/wp\/v2\/comments?post=3352"}],"version-history":[{"count":0,"href":"https:\/\/www.saloanoticias.com\/v1\/wp-json\/wp\/v2\/posts\/3352\/revisions"}],"wp:attachment":[{"href":"https:\/\/www.saloanoticias.com\/v1\/wp-json\/wp\/v2\/media?parent=3352"}],"wp:term":[{"taxonomy":"category","embeddable":true,"href":"https:\/\/www.saloanoticias.com\/v1\/wp-json\/wp\/v2\/categories?post=3352"},{"taxonomy":"post_tag","embeddable":true,"href":"https:\/\/www.saloanoticias.com\/v1\/wp-json\/wp\/v2\/tags?post=3352"}],"curies":[{"name":"wp","href":"https:\/\/api.w.org\/{rel}","templated":true}]}}