{"id":3351,"date":"2017-05-03T16:20:00","date_gmt":"2017-05-03T16:20:00","guid":{"rendered":"https:\/\/saloanoticias.mrmediaweb.com\/v1\/2017\/05\/03\/choque-eletrico-tira-a-vida-de-eduardo-lucena\/"},"modified":"2017-05-03T16:20:00","modified_gmt":"2017-05-03T16:20:00","slug":"choque-eletrico-tira-a-vida-de-eduardo-lucena","status":"publish","type":"post","link":"https:\/\/www.saloanoticias.com\/v1\/choque-eletrico-tira-a-vida-de-eduardo-lucena\/","title":{"rendered":"FORTE CHOQUE EL\u00c9TRICO TIROU A VIDA DE EDUARDO LUCENA (D\u00da DE IVAN DO CO\u00caMA)"},"content":{"rendered":"<p align=\"justify\"><font size=\"3\" face=\"Arial\"><a href=\"http:\/\/www.saloanoticias.com\/images\/15380392_808996549243216_4042535673985476128_n.jpg\"><img loading=\"lazy\" decoding=\"async\" title=\"15380392_808996549243216_4042535673985476128_n\" style=\"border-top: 0px; border-right: 0px; background-image: none; border-bottom: 0px; float: left; padding-top: 0px; padding-left: 0px; margin: 5px 5px 0px 0px; border-left: 0px; display: inline; padding-right: 0px\" border=\"0\" alt=\"15380392_808996549243216_4042535673985476128_n\" src=\"http:\/\/www.saloanoticias.com\/v1\/wp-content\/uploads\/imagens\/15380392_808996549243216_4042535673985476128_n_thumb.jpg\" width=\"292\" align=\"left\" height=\"219\"><\/a>Mais uma triste not\u00edcia para a popula\u00e7\u00e3o do munic\u00edpio de Salo\u00e1. Faleceu na manh\u00e3 desta quarta-feira, dia 3 de maio, o jovem Eduardo Lucena, mais conhecido como D\u00fa de Ivan do Co\u00eama, filho do vereador Gilvan de Freitas Lucena, v\u00edtima de uma forte descarga el\u00e9trica em sua resid\u00eancia no s\u00edtio Co\u00eama, na zona rural de Salo\u00e1. Pelas informa\u00e7\u00f5es levantadas pelo Blog Salo\u00e1 Not\u00edcias, o rapaz estava sozinho em casa na hora do acidente, ele teria encostado sem querer em um fio desencapado que levava energia para uma forrageira que fica ao lado da resid\u00eancia da fam\u00edlia, quando foi eletrocutado.<\/font><\/p>\n<p align=\"justify\"><font size=\"3\" face=\"Arial\">O SAMU do munic\u00edpio foi acionado de imediato, mas, ao chegar no local encontrou o rapaz j\u00e1 sem vida. O nosso Blog entrou em contato com Dr. Alisson C\u00e2mara, delegado de Salo\u00e1, que nos informou que acionou a equipe da delegacia para fazer liberar do corpo para a aut\u00f3psia no IML de Caruaru. Muitas pessoas j\u00e1 se encontram no local. A qualquer momento traremos mais informa\u00e7\u00f5es sobre este triste epis\u00f3dio que pega mais uma vez os moradores de Salo\u00e1 de surpresa.<\/font><\/p>\n<div style=\"margin-top: 0px; margin-bottom: 0px;\" class=\"sharethis-inline-share-buttons\" ><\/div>","protected":false},"excerpt":{"rendered":"<p>Mais uma triste not\u00edcia para a popula\u00e7\u00e3o do munic\u00edpio de Salo\u00e1. Faleceu na manh\u00e3 desta quarta-feira, dia 3 de maio, o jovem Eduardo Lucena, mais conhecido como D\u00fa de Ivan do Co\u00eama, filho do vereador Gilvan de Freitas Lucena, v\u00edtima de uma forte descarga el\u00e9trica em sua resid\u00eancia no s\u00edtio Co\u00eama, na zona rural de [&hellip;]<\/p>\n","protected":false},"author":1,"featured_media":0,"comment_status":"open","ping_status":"open","sticky":false,"template":"","format":"standard","meta":{"footnotes":""},"categories":[2],"tags":[],"class_list":["post-3351","post","type-post","status-publish","format-standard","hentry","category-noticias-do-dia"],"_links":{"self":[{"href":"https:\/\/www.saloanoticias.com\/v1\/wp-json\/wp\/v2\/posts\/3351","targetHints":{"allow":["GET"]}}],"collection":[{"href":"https:\/\/www.saloanoticias.com\/v1\/wp-json\/wp\/v2\/posts"}],"about":[{"href":"https:\/\/www.saloanoticias.com\/v1\/wp-json\/wp\/v2\/types\/post"}],"author":[{"embeddable":true,"href":"https:\/\/www.saloanoticias.com\/v1\/wp-json\/wp\/v2\/users\/1"}],"replies":[{"embeddable":true,"href":"https:\/\/www.saloanoticias.com\/v1\/wp-json\/wp\/v2\/comments?post=3351"}],"version-history":[{"count":0,"href":"https:\/\/www.saloanoticias.com\/v1\/wp-json\/wp\/v2\/posts\/3351\/revisions"}],"wp:attachment":[{"href":"https:\/\/www.saloanoticias.com\/v1\/wp-json\/wp\/v2\/media?parent=3351"}],"wp:term":[{"taxonomy":"category","embeddable":true,"href":"https:\/\/www.saloanoticias.com\/v1\/wp-json\/wp\/v2\/categories?post=3351"},{"taxonomy":"post_tag","embeddable":true,"href":"https:\/\/www.saloanoticias.com\/v1\/wp-json\/wp\/v2\/tags?post=3351"}],"curies":[{"name":"wp","href":"https:\/\/api.w.org\/{rel}","templated":true}]}}