{"id":3350,"date":"2017-05-03T11:30:00","date_gmt":"2017-05-03T11:30:00","guid":{"rendered":"https:\/\/saloanoticias.mrmediaweb.com\/v1\/2017\/05\/03\/ministro-das-cidades-bruno-araujo-recebe-o-prefeito-de-saloa-ricardo-alves-pmdb\/"},"modified":"2017-05-03T11:30:00","modified_gmt":"2017-05-03T11:30:00","slug":"ministro-das-cidades-bruno-araujo-recebe-o-prefeito-de-saloa-ricardo-alves-pmdb","status":"publish","type":"post","link":"https:\/\/www.saloanoticias.com\/v1\/ministro-das-cidades-bruno-araujo-recebe-o-prefeito-de-saloa-ricardo-alves-pmdb\/","title":{"rendered":"RICARDO ALVES (PMDB) \u00c9 RECEBIDO PELO MINISTRO BRUNO ARA\u00daJO EM BRAS\u00cdLIA"},"content":{"rendered":"<p align=\"justify\"><font size=\"3\" face=\"Arial\"><a href=\"http:\/\/www.saloanoticias.com\/images\/mf-rindo_45ddb2b42408f8fbcfd33467f6ba634a.jpg\"><img loading=\"lazy\" decoding=\"async\" title=\"mf-rindo\" style=\"border-top: 0px; border-right: 0px; background-image: none; border-bottom: 0px; float: none; padding-top: 0px; padding-left: 0px; margin: 0px auto 10px; border-left: 0px; display: block; padding-right: 0px\" border=\"0\" alt=\"mf-rindo\" src=\"http:\/\/www.saloanoticias.com\/v1\/wp-content\/uploads\/imagens\/mf-rindo_thumb_83a281e652b424ed123b54d1c33cfc61.jpg\" width=\"1501\" height=\"1091\"><\/a>A agenda do prefeito do munic\u00edpio de Salo\u00e1\/PE na capital federal \u00e9 muito extensa, como j\u00e1 hav\u00edamos divulgado, e t\u00e3o logo chegou j\u00e1 foi sendo recebido pelas autoridades. Nesta ter\u00e7a-feira (2) Ricardo Alves foi recebido no gabinete do ministro das cidades, Bruno Ara\u00fajo (PSDB), para tratar de assuntos relacionados a habita\u00e7\u00e3o. O gestor saloaense est\u00e1 viabilizando a constru\u00e7\u00e3o de casas populares para acabar, ou pelo menos diminuir drasticamente o d\u00e9ficit habitacional no seu munic\u00edpio. Durante o encontro o ministro Bruno Ara\u00fajo foi muito atencioso e sol\u00edcito nas reivindica\u00e7\u00f5es do prefeito.<\/font><\/p>\n<p align=\"justify\"><a href=\"http:\/\/www.saloanoticias.com\/images\/18301620_1031277827003754_3642150140754318725_n_fbf01dac39b492fcfe4a7e68fe5b8e28.jpg\"><img loading=\"lazy\" decoding=\"async\" title=\"18301620_1031277827003754_3642150140754318725_n\" style=\"border-top: 0px; border-right: 0px; background-image: none; border-bottom: 0px; float: none; padding-top: 0px; padding-left: 0px; margin-left: auto; border-left: 0px; display: block; padding-right: 0px; margin-right: auto\" border=\"0\" alt=\"18301620_1031277827003754_3642150140754318725_n\" src=\"http:\/\/www.saloanoticias.com\/v1\/wp-content\/uploads\/imagens\/18301620_1031277827003754_3642150140754318725_n_thumb_193e4de71bc2aeb1115826b2d4e56e65.jpg\" width=\"1492\" height=\"1120\"><\/a><\/p>\n<p align=\"justify\"><font size=\"3\" face=\"Arial\">Segundo a assessoria do prefeito a conversa foi muito satisfat\u00f3ria e brevemente teremos mais novidades sobre este assunto. Ainda na tarde de ter\u00e7a Ricardo foi recebido tamb\u00e9m pelo deputado federal Danilo Cabral (PSB), este que tem viabilizado in\u00fameras obras para Salo\u00e1 em conjunto com o Governador Paulo C\u00e2mara (PSB), que vem mudando a realidade da popula\u00e7\u00e3o para melhor. Ricardo Alves ainda teve a grata satisfa\u00e7\u00e3o de se encontrar com o seu colega prefeito da vizinha cidade de Bom Conselho nos corredores da C\u00e2mara Federal.<\/font><\/p>\n<p align=\"justify\"><font size=\"3\" face=\"Arial\">Esta \u00e9 mais uma viajem que est\u00e1 sendo comemorada pelos governista saloaenses, pois trar\u00e1 muitos investimentos para a popula\u00e7\u00e3o da pequena Salo\u00e1, que fica no Agreste Meridional do Estado. \u201cNeste momento a nossa prioridade \u00e9 conseguir recursos para constru\u00e7\u00e3o de moradias para a nossa popula\u00e7\u00e3o, j\u00e1 que muitas fam\u00edlias ainda vivem de aluguel. Vamos concentrar todos os esfor\u00e7os para resolver este problema em nosso munic\u00edpio\u201d, disse o prefeito Ricardo.<\/font><\/p>\n<div style=\"margin-top: 0px; margin-bottom: 0px;\" class=\"sharethis-inline-share-buttons\" ><\/div>","protected":false},"excerpt":{"rendered":"<p>A agenda do prefeito do munic\u00edpio de Salo\u00e1\/PE na capital federal \u00e9 muito extensa, como j\u00e1 hav\u00edamos divulgado, e t\u00e3o logo chegou j\u00e1 foi sendo recebido pelas autoridades. Nesta ter\u00e7a-feira (2) Ricardo Alves foi recebido no gabinete do ministro das cidades, Bruno Ara\u00fajo (PSDB), para tratar de assuntos relacionados a habita\u00e7\u00e3o. O gestor saloaense est\u00e1 [&hellip;]<\/p>\n","protected":false},"author":1,"featured_media":0,"comment_status":"open","ping_status":"open","sticky":false,"template":"","format":"standard","meta":{"footnotes":""},"categories":[2],"tags":[],"class_list":["post-3350","post","type-post","status-publish","format-standard","hentry","category-noticias-do-dia"],"_links":{"self":[{"href":"https:\/\/www.saloanoticias.com\/v1\/wp-json\/wp\/v2\/posts\/3350","targetHints":{"allow":["GET"]}}],"collection":[{"href":"https:\/\/www.saloanoticias.com\/v1\/wp-json\/wp\/v2\/posts"}],"about":[{"href":"https:\/\/www.saloanoticias.com\/v1\/wp-json\/wp\/v2\/types\/post"}],"author":[{"embeddable":true,"href":"https:\/\/www.saloanoticias.com\/v1\/wp-json\/wp\/v2\/users\/1"}],"replies":[{"embeddable":true,"href":"https:\/\/www.saloanoticias.com\/v1\/wp-json\/wp\/v2\/comments?post=3350"}],"version-history":[{"count":0,"href":"https:\/\/www.saloanoticias.com\/v1\/wp-json\/wp\/v2\/posts\/3350\/revisions"}],"wp:attachment":[{"href":"https:\/\/www.saloanoticias.com\/v1\/wp-json\/wp\/v2\/media?parent=3350"}],"wp:term":[{"taxonomy":"category","embeddable":true,"href":"https:\/\/www.saloanoticias.com\/v1\/wp-json\/wp\/v2\/categories?post=3350"},{"taxonomy":"post_tag","embeddable":true,"href":"https:\/\/www.saloanoticias.com\/v1\/wp-json\/wp\/v2\/tags?post=3350"}],"curies":[{"name":"wp","href":"https:\/\/api.w.org\/{rel}","templated":true}]}}