{"id":3349,"date":"2017-05-03T01:30:00","date_gmt":"2017-05-03T01:30:00","guid":{"rendered":"https:\/\/saloanoticias.mrmediaweb.com\/v1\/2017\/05\/03\/mendonca-libera-recursos-para-garanhuns-e-bom-conselho\/"},"modified":"2017-05-03T01:30:00","modified_gmt":"2017-05-03T01:30:00","slug":"mendonca-libera-recursos-para-garanhuns-e-bom-conselho","status":"publish","type":"post","link":"https:\/\/www.saloanoticias.com\/v1\/mendonca-libera-recursos-para-garanhuns-e-bom-conselho\/","title":{"rendered":"MENDON\u00c7A FILHO LIBERA RECURSOS PARA GARANHUNS E BOM CONSELHO"},"content":{"rendered":"<p align=\"justify\"><font size=\"3\" face=\"Arial\"><a href=\"http:\/\/www.saloanoticias.com\/images\/mf-rindo.jpg\"><img loading=\"lazy\" decoding=\"async\" title=\"mf-rindo\" style=\"border-top: 0px; border-right: 0px; background-image: none; border-bottom: 0px; float: left; padding-top: 0px; padding-left: 0px; margin: 5px 5px 0px 0px; border-left: 0px; display: inline; padding-right: 0px\" border=\"0\" alt=\"mf-rindo\" src=\"http:\/\/www.saloanoticias.com\/v1\/wp-content\/uploads\/imagens\/mf-rindo_thumb.jpg\" width=\"286\" align=\"left\" height=\"191\"><\/a>J\u00e1 est\u00e3o nas contas das 15 prefeituras municipais de Pernambuco os recursos liberados pelo ministro da Educa\u00e7\u00e3o, Mendon\u00e7a Filho (DEM), atrav\u00e9s do Fundo Nacional de Desenvolvimento da Educa\u00e7\u00e3o, para investimento em obras de unidades de educa\u00e7\u00e3o infantil e de ensino fundamental. <\/font><font size=\"3\" face=\"Arial\"> \u201cEstamos garantindo que as obras sejam conclu\u00eddas e destinando recursos tamb\u00e9m para aquisi\u00e7\u00e3o de equipamentos, mobili\u00e1rio e transporte escolar. Ao todo foram R$1.675.526,06 trazidos para Pernambuco, declarou o ministro.<\/font> <\/p>\n<p align=\"justify\"><font size=\"3\" face=\"Arial\">Ao todo, 15 dos 185 munic\u00edpios do estado ser\u00e3o beneficiados. S\u00e3o eles: Bom Conselho, Brejinho, Cabrob\u00f3, Carna\u00edba, Cort\u00eas, Garanhuns, Jaboat\u00e3o dos Guararapes, Jatob\u00e1, Orob\u00f3, Petrolina, Po\u00e7\u00e3o, Santa Cruz, Santa Cruz da Baixa Verde, Serra Talhada, Tacaimb\u00f3. <\/font><font size=\"3\" face=\"Arial\">Foram liberados, no total, recursos destinados a 848 obras espalhadas por 660 munic\u00edpios do pa\u00eds. <strong><font size=\"2\">Fonte: Blog do Magno<\/font><\/strong><\/font><\/p>\n<div style=\"margin-top: 0px; margin-bottom: 0px;\" class=\"sharethis-inline-share-buttons\" ><\/div>","protected":false},"excerpt":{"rendered":"<p>J\u00e1 est\u00e3o nas contas das 15 prefeituras municipais de Pernambuco os recursos liberados pelo ministro da Educa\u00e7\u00e3o, Mendon\u00e7a Filho (DEM), atrav\u00e9s do Fundo Nacional de Desenvolvimento da Educa\u00e7\u00e3o, para investimento em obras de unidades de educa\u00e7\u00e3o infantil e de ensino fundamental. \u201cEstamos garantindo que as obras sejam conclu\u00eddas e destinando recursos tamb\u00e9m para aquisi\u00e7\u00e3o de [&hellip;]<\/p>\n","protected":false},"author":1,"featured_media":0,"comment_status":"open","ping_status":"open","sticky":false,"template":"","format":"standard","meta":{"footnotes":""},"categories":[2],"tags":[],"class_list":["post-3349","post","type-post","status-publish","format-standard","hentry","category-noticias-do-dia"],"_links":{"self":[{"href":"https:\/\/www.saloanoticias.com\/v1\/wp-json\/wp\/v2\/posts\/3349","targetHints":{"allow":["GET"]}}],"collection":[{"href":"https:\/\/www.saloanoticias.com\/v1\/wp-json\/wp\/v2\/posts"}],"about":[{"href":"https:\/\/www.saloanoticias.com\/v1\/wp-json\/wp\/v2\/types\/post"}],"author":[{"embeddable":true,"href":"https:\/\/www.saloanoticias.com\/v1\/wp-json\/wp\/v2\/users\/1"}],"replies":[{"embeddable":true,"href":"https:\/\/www.saloanoticias.com\/v1\/wp-json\/wp\/v2\/comments?post=3349"}],"version-history":[{"count":0,"href":"https:\/\/www.saloanoticias.com\/v1\/wp-json\/wp\/v2\/posts\/3349\/revisions"}],"wp:attachment":[{"href":"https:\/\/www.saloanoticias.com\/v1\/wp-json\/wp\/v2\/media?parent=3349"}],"wp:term":[{"taxonomy":"category","embeddable":true,"href":"https:\/\/www.saloanoticias.com\/v1\/wp-json\/wp\/v2\/categories?post=3349"},{"taxonomy":"post_tag","embeddable":true,"href":"https:\/\/www.saloanoticias.com\/v1\/wp-json\/wp\/v2\/tags?post=3349"}],"curies":[{"name":"wp","href":"https:\/\/api.w.org\/{rel}","templated":true}]}}