{"id":3348,"date":"2017-05-02T12:00:00","date_gmt":"2017-05-02T12:00:00","guid":{"rendered":"https:\/\/saloanoticias.mrmediaweb.com\/v1\/2017\/05\/02\/ricardo-viaja-a-brasilia-nesta-terca-feira-2\/"},"modified":"2017-05-02T12:00:00","modified_gmt":"2017-05-02T12:00:00","slug":"ricardo-viaja-a-brasilia-nesta-terca-feira-2","status":"publish","type":"post","link":"https:\/\/www.saloanoticias.com\/v1\/ricardo-viaja-a-brasilia-nesta-terca-feira-2\/","title":{"rendered":"RICARDO VIAJA \u00c0 BRAS\u00cdLIA NESTA TER\u00c7A-FEIRA (2\/5) EM BUSCA DE MAIS RECURSOS PARA O MUNIC\u00cdPIO DE SALO\u00c1"},"content":{"rendered":"<p align=\"justify\"><font size=\"3\" face=\"Arial\"><a href=\"http:\/\/www.saloanoticias.com\/images\/18275138_1336639596401604_1329500605282968301_n.jpg\"><img loading=\"lazy\" decoding=\"async\" title=\"18275138_1336639596401604_1329500605282968301_n\" style=\"border-top: 0px; border-right: 0px; background-image: none; border-bottom: 0px; float: none; padding-top: 0px; padding-left: 0px; margin: 0px auto 10px; border-left: 0px; display: block; padding-right: 0px\" border=\"0\" alt=\"18275138_1336639596401604_1329500605282968301_n\" src=\"http:\/\/www.saloanoticias.com\/v1\/wp-content\/uploads\/imagens\/18275138_1336639596401604_1329500605282968301_n_thumb.jpg\" width=\"1483\" height=\"1019\"><\/a>O prefeito de Salo\u00e1, Ricardo Alves (PMDB), viajou na manh\u00e3 desta ter\u00e7a-feira (2) para Bras\u00edlia\/DF em busca de mais investimentos para o seu munic\u00edpio. Segundo as informa\u00e7\u00f5es obtidas por este Blog, o gestor tem v\u00e1rias reuni\u00f5es com autoridades no intuito de trazer mais investimentos em infraestrutura para Salo\u00e1, inclusive na \u00e1rea de habita\u00e7\u00e3o, assunto que o pr\u00f3prio prefeito tratou com os vereadores na C\u00e2mara na \u00faltima quinta-feira (27) em visita ao parlamento municipal.<\/font><\/p>\n<p align=\"justify\"><font size=\"3\" face=\"Arial\">Ricardo deve se encontrar com alguns ministros e com o deputado federal Danilo Cabral (PSB) que sempre lhe d\u00e1 suporte nas visitas \u00e0 capital federal. Segundo ele, o d\u00e9ficit habitacional em Salo\u00e1 j\u00e1 \u00e9 grande e por isso o seu interesse em ir em busca de mais dinheiro para construir pelo menos mais 100 casas populares para serem distribu\u00eddas para quem realmente precisa. Quando estiver tudo certo ser\u00e3o feitos cadastros minunciosos para beneficiar os mais carentes, completou. O prefeito deve retornar de Bras\u00edlia ainda esta semana trazendo boas novidades para os saloaenses.<\/font><\/p>\n<div style=\"margin-top: 0px; margin-bottom: 0px;\" class=\"sharethis-inline-share-buttons\" ><\/div>","protected":false},"excerpt":{"rendered":"<p>O prefeito de Salo\u00e1, Ricardo Alves (PMDB), viajou na manh\u00e3 desta ter\u00e7a-feira (2) para Bras\u00edlia\/DF em busca de mais investimentos para o seu munic\u00edpio. Segundo as informa\u00e7\u00f5es obtidas por este Blog, o gestor tem v\u00e1rias reuni\u00f5es com autoridades no intuito de trazer mais investimentos em infraestrutura para Salo\u00e1, inclusive na \u00e1rea de habita\u00e7\u00e3o, assunto que [&hellip;]<\/p>\n","protected":false},"author":1,"featured_media":0,"comment_status":"open","ping_status":"open","sticky":false,"template":"","format":"standard","meta":{"footnotes":""},"categories":[2],"tags":[],"class_list":["post-3348","post","type-post","status-publish","format-standard","hentry","category-noticias-do-dia"],"_links":{"self":[{"href":"https:\/\/www.saloanoticias.com\/v1\/wp-json\/wp\/v2\/posts\/3348","targetHints":{"allow":["GET"]}}],"collection":[{"href":"https:\/\/www.saloanoticias.com\/v1\/wp-json\/wp\/v2\/posts"}],"about":[{"href":"https:\/\/www.saloanoticias.com\/v1\/wp-json\/wp\/v2\/types\/post"}],"author":[{"embeddable":true,"href":"https:\/\/www.saloanoticias.com\/v1\/wp-json\/wp\/v2\/users\/1"}],"replies":[{"embeddable":true,"href":"https:\/\/www.saloanoticias.com\/v1\/wp-json\/wp\/v2\/comments?post=3348"}],"version-history":[{"count":0,"href":"https:\/\/www.saloanoticias.com\/v1\/wp-json\/wp\/v2\/posts\/3348\/revisions"}],"wp:attachment":[{"href":"https:\/\/www.saloanoticias.com\/v1\/wp-json\/wp\/v2\/media?parent=3348"}],"wp:term":[{"taxonomy":"category","embeddable":true,"href":"https:\/\/www.saloanoticias.com\/v1\/wp-json\/wp\/v2\/categories?post=3348"},{"taxonomy":"post_tag","embeddable":true,"href":"https:\/\/www.saloanoticias.com\/v1\/wp-json\/wp\/v2\/tags?post=3348"}],"curies":[{"name":"wp","href":"https:\/\/api.w.org\/{rel}","templated":true}]}}